{"id":10358,"date":"2019-06-20T00:00:00","date_gmt":"2019-06-19T22:00:00","guid":{"rendered":"https:\/\/abd.ong\/sin-categorizar\/lespai-familiar-el-petit-drac-celebra-la-tradicional-festa-de-larriba-de-lestiu\/"},"modified":"2021-02-17T18:54:51","modified_gmt":"2021-02-17T17:54:51","slug":"lespai-familiar-el-petit-drac-celebra-la-tradicional-festa-de-larriba-de-lestiu","status":"publish","type":"post","link":"https:\/\/abd.ong\/ca\/infancia-i-familia\/lespai-familiar-el-petit-drac-celebra-la-tradicional-festa-de-larriba-de-lestiu\/","title":{"rendered":"L\u2019Espai Familiar El Petit Drac celebra la tradicional festa de l\u2019arribada de l\u2019estiu"},"content":{"rendered":"<p>Un any m\u00e9s i, ja em van 16, l\u2019Espai Familiar del Petit Drac ha celebrat l&#8217;arribada de l&#8217;estiu i el pas d&#8217;un nou curs amb una festa on familiars i professionals han tancat un curs ple de viv\u00e8ncies i moments de creixement compartit. Entre altres activitats, grans i petits han pogut gaudir d&#8217;una actuaci\u00f3 d&#8217;animaci\u00f3 m\u00fasica a c\u00e0rrec de Jaume Barri.<\/p>\n<p>L\u2019Espai Familiar El Petit Drac \u00e9s un espai municipal d\u2019acompanyament a la crian\u00e7a per a fam\u00edlies amb infants dels 0 als 3 anys que gestiona l\u2019<strong>Associaci\u00f3 Benestar i Desenvolupament ABD<\/strong>. En concret, s\u2019ofereix una zona de joc adaptat als infants on s&#8217;hi desenvolupen sessions acompanyades i dinamitzades per dues professionals de la <a href=\"https:\/\/abd.ong\/ca\/causes\/infancia-i-familia\/\">petita inf\u00e0ncia<\/a>, que faciliten espais de dubtes, xerrades i assessorament per als adults, aix\u00ed com activitats per a que els infants puguin experimentar i descobrir.<\/p>\n<p><a href=\"https:\/\/abd.ong\/blog\/wp-content\/uploads\/2019\/06\/Festa-arribada-estiu-2.jpg\"><img decoding=\"async\" class=\"aligncenter size-medium wp-image-5255\" src=\"https:\/\/abd.ong\/blog\/wp-content\/uploads\/2019\/06\/Festa-arribada-estiu-2-300x144.jpg\" alt=\"\" width=\"300\" height=\"144\" \/><\/a><\/p>\n<p>L\u2019objectiu final del servei \u00e9s incidir en la millora de la qualitat de vida dels infants, oferint un espai de suport professional i on enfortir el vincle de l\u2019infant amb l\u2019adult referent. Aquest espai est\u00e0 situat a <a href=\"https:\/\/ajuntament.barcelona.cat\/agendajove\/ca\/detall\/espai-familiar-el-petit-drac_99400010428.html\">Via Augusta 327 de Barcelona, cantonada amb Passeig Bonanova<\/a>. Per a m\u00e9s informaci\u00f3, podeu consultar al tel\u00e8fon 93 205 30 02 o enviar un correu electr\u00f2nic a <a href=\"mailto:petitdrac@abd-ong.org\">petitdrac@abd-ong.org<\/a>.<\/p>\n","protected":false},"excerpt":{"rendered":"<p>Un any m\u00e9s i, ja em van 16, l\u2019Espai Familiar del Petit Drac ha celebrat l&#8217;arribada de l&#8217;estiu i el pas d&#8217;un nou curs amb una festa on familiars i&hellip;<\/p>\n","protected":false},"author":1,"featured_media":2563,"comment_status":"closed","ping_status":"closed","sticky":false,"template":"","format":"standard","meta":{"_acf_changed":false,"footnotes":""},"categories":[1303],"tags":[119,148,124,779,781,780],"class_list":["post-10358","post","type-post","status-publish","format-standard","has-post-thumbnail","hentry","category-infancia-i-familia","tag-abd","tag-acompanyament-a-la-crianca","tag-associacio-benestar-desenvolupament","tag-espai-familiar-el-petit-drac","tag-millora-qualitat-de-vida-dels-infants","tag-petita-infancia","ods-fi-de-la-pobresa","ods-reduccio-de-les-desigualtats","right-dret-a-la-seguretat-vital","right-drets-de-la-infancia"],"acf":[],"yoast_head":"<!-- This site is optimized with the Yoast SEO plugin v27.4 - https:\/\/yoast.com\/product\/yoast-seo-wordpress\/ -->\n<title>L\u2019Espai Familiar El Petit Drac celebra la tradicional festa de l\u2019arribada de l\u2019estiu - ABD<\/title>\n<meta name=\"description\" content=\"Un any m\u00e9s i, ja em van 16, l\u2019Espai Familiar del Petit Drac ha celebrat l&#039;arribada de l&#039;estiu i el pas d&#039;un nou curs amb una festa on familiars i\" \/>\n<meta name=\"robots\" content=\"index, follow, max-snippet:-1, max-image-preview:large, max-video-preview:-1\" \/>\n<link rel=\"canonical\" href=\"https:\/\/abd.ong\/ca\/infancia-i-familia\/lespai-familiar-el-petit-drac-celebra-la-tradicional-festa-de-larriba-de-lestiu\/\" \/>\n<meta property=\"og:locale\" content=\"ca_ES\" \/>\n<meta property=\"og:type\" content=\"article\" \/>\n<meta property=\"og:title\" content=\"L\u2019Espai Familiar El Petit Drac celebra la tradicional festa de l\u2019arribada de l\u2019estiu - ABD\" \/>\n<meta property=\"og:description\" content=\"Un any m\u00e9s i, ja em van 16, l\u2019Espai Familiar del Petit Drac ha celebrat l&#039;arribada de l&#039;estiu i el pas d&#039;un nou curs amb una festa on familiars i\" \/>\n<meta property=\"og:url\" content=\"https:\/\/abd.ong\/ca\/infancia-i-familia\/lespai-familiar-el-petit-drac-celebra-la-tradicional-festa-de-larriba-de-lestiu\/\" \/>\n<meta property=\"og:site_name\" content=\"ABD\" \/>\n<meta property=\"article:publisher\" content=\"https:\/\/www.facebook.com\/abd.ong\" \/>\n<meta property=\"article:published_time\" content=\"2019-06-19T22:00:00+00:00\" \/>\n<meta property=\"article:modified_time\" content=\"2021-02-17T17:54:51+00:00\" \/>\n<meta property=\"og:image\" content=\"https:\/\/abd.ong\/wp-content\/uploads\/1970\/01\/Festa-arribada-estiu-1.jpg\" \/>\n\t<meta property=\"og:image:width\" content=\"2048\" \/>\n\t<meta property=\"og:image:height\" content=\"1536\" \/>\n\t<meta property=\"og:image:type\" content=\"image\/jpeg\" \/>\n<meta name=\"author\" content=\"M_Disseny\" \/>\n<meta name=\"twitter:card\" content=\"summary_large_image\" \/>\n<meta name=\"twitter:creator\" content=\"@abd_ong\" \/>\n<meta name=\"twitter:site\" content=\"@abd_ong\" \/>\n<meta name=\"twitter:label1\" content=\"Escrit per\" \/>\n\t<meta name=\"twitter:data1\" content=\"M_Disseny\" \/>\n\t<meta name=\"twitter:label2\" content=\"Temps estimat de lectura\" \/>\n\t<meta name=\"twitter:data2\" content=\"1 minut\" \/>\n<script type=\"application\/ld+json\" class=\"yoast-schema-graph\">{\"@context\":\"https:\\\/\\\/schema.org\",\"@graph\":[{\"@type\":\"Article\",\"@id\":\"https:\\\/\\\/abd.ong\\\/ca\\\/infancia-i-familia\\\/lespai-familiar-el-petit-drac-celebra-la-tradicional-festa-de-larriba-de-lestiu\\\/#article\",\"isPartOf\":{\"@id\":\"https:\\\/\\\/abd.ong\\\/ca\\\/infancia-i-familia\\\/lespai-familiar-el-petit-drac-celebra-la-tradicional-festa-de-larriba-de-lestiu\\\/\"},\"author\":{\"name\":\"M_Disseny\",\"@id\":\"https:\\\/\\\/abd.ong\\\/ca\\\/#\\\/schema\\\/person\\\/1b9cf116597cda3a4b8900a43c641f6e\"},\"headline\":\"L\u2019Espai Familiar El Petit Drac celebra la tradicional festa de l\u2019arribada de l\u2019estiu\",\"datePublished\":\"2019-06-19T22:00:00+00:00\",\"dateModified\":\"2021-02-17T17:54:51+00:00\",\"mainEntityOfPage\":{\"@id\":\"https:\\\/\\\/abd.ong\\\/ca\\\/infancia-i-familia\\\/lespai-familiar-el-petit-drac-celebra-la-tradicional-festa-de-larriba-de-lestiu\\\/\"},\"wordCount\":237,\"publisher\":{\"@id\":\"https:\\\/\\\/abd.ong\\\/ca\\\/#organization\"},\"image\":{\"@id\":\"https:\\\/\\\/abd.ong\\\/ca\\\/infancia-i-familia\\\/lespai-familiar-el-petit-drac-celebra-la-tradicional-festa-de-larriba-de-lestiu\\\/#primaryimage\"},\"thumbnailUrl\":\"https:\\\/\\\/abd.ong\\\/wp-content\\\/uploads\\\/1970\\\/01\\\/Festa-arribada-estiu-1.jpg\",\"keywords\":[\"ABD\",\"acompanyament a la crian\u00e7a\",\"Associaci\u00f3 Benestar Desenvolupament\",\"Espai Familiar El Petit Drac\",\"millora qualitat de vida dels infants\",\"petita inf\u00e0ncia\"],\"articleSection\":[\"Inf\u00e0ncia i fam\u00edlia\"],\"inLanguage\":\"ca\"},{\"@type\":\"WebPage\",\"@id\":\"https:\\\/\\\/abd.ong\\\/ca\\\/infancia-i-familia\\\/lespai-familiar-el-petit-drac-celebra-la-tradicional-festa-de-larriba-de-lestiu\\\/\",\"url\":\"https:\\\/\\\/abd.ong\\\/ca\\\/infancia-i-familia\\\/lespai-familiar-el-petit-drac-celebra-la-tradicional-festa-de-larriba-de-lestiu\\\/\",\"name\":\"L\u2019Espai Familiar El Petit Drac celebra la tradicional festa de l\u2019arribada de l\u2019estiu - ABD\",\"isPartOf\":{\"@id\":\"https:\\\/\\\/abd.ong\\\/ca\\\/#website\"},\"primaryImageOfPage\":{\"@id\":\"https:\\\/\\\/abd.ong\\\/ca\\\/infancia-i-familia\\\/lespai-familiar-el-petit-drac-celebra-la-tradicional-festa-de-larriba-de-lestiu\\\/#primaryimage\"},\"image\":{\"@id\":\"https:\\\/\\\/abd.ong\\\/ca\\\/infancia-i-familia\\\/lespai-familiar-el-petit-drac-celebra-la-tradicional-festa-de-larriba-de-lestiu\\\/#primaryimage\"},\"thumbnailUrl\":\"https:\\\/\\\/abd.ong\\\/wp-content\\\/uploads\\\/1970\\\/01\\\/Festa-arribada-estiu-1.jpg\",\"datePublished\":\"2019-06-19T22:00:00+00:00\",\"dateModified\":\"2021-02-17T17:54:51+00:00\",\"description\":\"Un any m\u00e9s i, ja em van 16, l\u2019Espai Familiar del Petit Drac ha celebrat l'arribada de l'estiu i el pas d'un nou curs amb una festa on familiars i\",\"breadcrumb\":{\"@id\":\"https:\\\/\\\/abd.ong\\\/ca\\\/infancia-i-familia\\\/lespai-familiar-el-petit-drac-celebra-la-tradicional-festa-de-larriba-de-lestiu\\\/#breadcrumb\"},\"inLanguage\":\"ca\",\"potentialAction\":[{\"@type\":\"ReadAction\",\"target\":[\"https:\\\/\\\/abd.ong\\\/ca\\\/infancia-i-familia\\\/lespai-familiar-el-petit-drac-celebra-la-tradicional-festa-de-larriba-de-lestiu\\\/\"]}]},{\"@type\":\"ImageObject\",\"inLanguage\":\"ca\",\"@id\":\"https:\\\/\\\/abd.ong\\\/ca\\\/infancia-i-familia\\\/lespai-familiar-el-petit-drac-celebra-la-tradicional-festa-de-larriba-de-lestiu\\\/#primaryimage\",\"url\":\"https:\\\/\\\/abd.ong\\\/wp-content\\\/uploads\\\/1970\\\/01\\\/Festa-arribada-estiu-1.jpg\",\"contentUrl\":\"https:\\\/\\\/abd.ong\\\/wp-content\\\/uploads\\\/1970\\\/01\\\/Festa-arribada-estiu-1.jpg\",\"width\":2048,\"height\":1536},{\"@type\":\"BreadcrumbList\",\"@id\":\"https:\\\/\\\/abd.ong\\\/ca\\\/infancia-i-familia\\\/lespai-familiar-el-petit-drac-celebra-la-tradicional-festa-de-larriba-de-lestiu\\\/#breadcrumb\",\"itemListElement\":[{\"@type\":\"ListItem\",\"position\":1,\"name\":\"Inici\",\"item\":\"https:\\\/\\\/abd.ong\\\/ca\\\/\"},{\"@type\":\"ListItem\",\"position\":2,\"name\":\"L\u2019Espai Familiar El Petit Drac celebra la tradicional festa de l\u2019arribada de l\u2019estiu\"}]},{\"@type\":\"WebSite\",\"@id\":\"https:\\\/\\\/abd.ong\\\/ca\\\/#website\",\"url\":\"https:\\\/\\\/abd.ong\\\/ca\\\/\",\"name\":\"ABD\",\"description\":\"Asociaci\u00f3n Bienestar y Desarrollo\",\"publisher\":{\"@id\":\"https:\\\/\\\/abd.ong\\\/ca\\\/#organization\"},\"potentialAction\":[{\"@type\":\"SearchAction\",\"target\":{\"@type\":\"EntryPoint\",\"urlTemplate\":\"https:\\\/\\\/abd.ong\\\/ca\\\/?s={search_term_string}\"},\"query-input\":{\"@type\":\"PropertyValueSpecification\",\"valueRequired\":true,\"valueName\":\"search_term_string\"}}],\"inLanguage\":\"ca\"},{\"@type\":\"Organization\",\"@id\":\"https:\\\/\\\/abd.ong\\\/ca\\\/#organization\",\"name\":\"Associaci\u00f3 Benestar i Desenvolupament\",\"alternateName\":\"ABD\",\"url\":\"https:\\\/\\\/abd.ong\\\/ca\\\/\",\"logo\":{\"@type\":\"ImageObject\",\"inLanguage\":\"ca\",\"@id\":\"https:\\\/\\\/abd.ong\\\/ca\\\/#\\\/schema\\\/logo\\\/image\\\/\",\"url\":\"https:\\\/\\\/abd.ong\\\/wp-content\\\/uploads\\\/2023\\\/01\\\/Icona.png\",\"contentUrl\":\"https:\\\/\\\/abd.ong\\\/wp-content\\\/uploads\\\/2023\\\/01\\\/Icona.png\",\"width\":190,\"height\":187,\"caption\":\"Associaci\u00f3 Benestar i Desenvolupament\"},\"image\":{\"@id\":\"https:\\\/\\\/abd.ong\\\/ca\\\/#\\\/schema\\\/logo\\\/image\\\/\"},\"sameAs\":[\"https:\\\/\\\/www.facebook.com\\\/abd.ong\",\"https:\\\/\\\/x.com\\\/abd_ong\",\"https:\\\/\\\/www.instagram.com\\\/abd_ong\\\/\",\"https:\\\/\\\/www.linkedin.com\\\/company\\\/abdong\",\"https:\\\/\\\/www.youtube.com\\\/user\\\/CANALABD\"]},{\"@type\":\"Person\",\"@id\":\"https:\\\/\\\/abd.ong\\\/ca\\\/#\\\/schema\\\/person\\\/1b9cf116597cda3a4b8900a43c641f6e\",\"name\":\"M_Disseny\"}]}<\/script>\n<!-- \/ Yoast SEO plugin. -->","yoast_head_json":{"title":"L\u2019Espai Familiar El Petit Drac celebra la tradicional festa de l\u2019arribada de l\u2019estiu - ABD","description":"Un any m\u00e9s i, ja em van 16, l\u2019Espai Familiar del Petit Drac ha celebrat l'arribada de l'estiu i el pas d'un nou curs amb una festa on familiars i","robots":{"index":"index","follow":"follow","max-snippet":"max-snippet:-1","max-image-preview":"max-image-preview:large","max-video-preview":"max-video-preview:-1"},"canonical":"https:\/\/abd.ong\/ca\/infancia-i-familia\/lespai-familiar-el-petit-drac-celebra-la-tradicional-festa-de-larriba-de-lestiu\/","og_locale":"ca_ES","og_type":"article","og_title":"L\u2019Espai Familiar El Petit Drac celebra la tradicional festa de l\u2019arribada de l\u2019estiu - ABD","og_description":"Un any m\u00e9s i, ja em van 16, l\u2019Espai Familiar del Petit Drac ha celebrat l'arribada de l'estiu i el pas d'un nou curs amb una festa on familiars i","og_url":"https:\/\/abd.ong\/ca\/infancia-i-familia\/lespai-familiar-el-petit-drac-celebra-la-tradicional-festa-de-larriba-de-lestiu\/","og_site_name":"ABD","article_publisher":"https:\/\/www.facebook.com\/abd.ong","article_published_time":"2019-06-19T22:00:00+00:00","article_modified_time":"2021-02-17T17:54:51+00:00","og_image":[{"width":2048,"height":1536,"url":"https:\/\/abd.ong\/wp-content\/uploads\/1970\/01\/Festa-arribada-estiu-1.jpg","type":"image\/jpeg"}],"author":"M_Disseny","twitter_card":"summary_large_image","twitter_creator":"@abd_ong","twitter_site":"@abd_ong","twitter_misc":{"Escrit per":"M_Disseny","Temps estimat de lectura":"1 minut"},"schema":{"@context":"https:\/\/schema.org","@graph":[{"@type":"Article","@id":"https:\/\/abd.ong\/ca\/infancia-i-familia\/lespai-familiar-el-petit-drac-celebra-la-tradicional-festa-de-larriba-de-lestiu\/#article","isPartOf":{"@id":"https:\/\/abd.ong\/ca\/infancia-i-familia\/lespai-familiar-el-petit-drac-celebra-la-tradicional-festa-de-larriba-de-lestiu\/"},"author":{"name":"M_Disseny","@id":"https:\/\/abd.ong\/ca\/#\/schema\/person\/1b9cf116597cda3a4b8900a43c641f6e"},"headline":"L\u2019Espai Familiar El Petit Drac celebra la tradicional festa de l\u2019arribada de l\u2019estiu","datePublished":"2019-06-19T22:00:00+00:00","dateModified":"2021-02-17T17:54:51+00:00","mainEntityOfPage":{"@id":"https:\/\/abd.ong\/ca\/infancia-i-familia\/lespai-familiar-el-petit-drac-celebra-la-tradicional-festa-de-larriba-de-lestiu\/"},"wordCount":237,"publisher":{"@id":"https:\/\/abd.ong\/ca\/#organization"},"image":{"@id":"https:\/\/abd.ong\/ca\/infancia-i-familia\/lespai-familiar-el-petit-drac-celebra-la-tradicional-festa-de-larriba-de-lestiu\/#primaryimage"},"thumbnailUrl":"https:\/\/abd.ong\/wp-content\/uploads\/1970\/01\/Festa-arribada-estiu-1.jpg","keywords":["ABD","acompanyament a la crian\u00e7a","Associaci\u00f3 Benestar Desenvolupament","Espai Familiar El Petit Drac","millora qualitat de vida dels infants","petita inf\u00e0ncia"],"articleSection":["Inf\u00e0ncia i fam\u00edlia"],"inLanguage":"ca"},{"@type":"WebPage","@id":"https:\/\/abd.ong\/ca\/infancia-i-familia\/lespai-familiar-el-petit-drac-celebra-la-tradicional-festa-de-larriba-de-lestiu\/","url":"https:\/\/abd.ong\/ca\/infancia-i-familia\/lespai-familiar-el-petit-drac-celebra-la-tradicional-festa-de-larriba-de-lestiu\/","name":"L\u2019Espai Familiar El Petit Drac celebra la tradicional festa de l\u2019arribada de l\u2019estiu - ABD","isPartOf":{"@id":"https:\/\/abd.ong\/ca\/#website"},"primaryImageOfPage":{"@id":"https:\/\/abd.ong\/ca\/infancia-i-familia\/lespai-familiar-el-petit-drac-celebra-la-tradicional-festa-de-larriba-de-lestiu\/#primaryimage"},"image":{"@id":"https:\/\/abd.ong\/ca\/infancia-i-familia\/lespai-familiar-el-petit-drac-celebra-la-tradicional-festa-de-larriba-de-lestiu\/#primaryimage"},"thumbnailUrl":"https:\/\/abd.ong\/wp-content\/uploads\/1970\/01\/Festa-arribada-estiu-1.jpg","datePublished":"2019-06-19T22:00:00+00:00","dateModified":"2021-02-17T17:54:51+00:00","description":"Un any m\u00e9s i, ja em van 16, l\u2019Espai Familiar del Petit Drac ha celebrat l'arribada de l'estiu i el pas d'un nou curs amb una festa on familiars i","breadcrumb":{"@id":"https:\/\/abd.ong\/ca\/infancia-i-familia\/lespai-familiar-el-petit-drac-celebra-la-tradicional-festa-de-larriba-de-lestiu\/#breadcrumb"},"inLanguage":"ca","potentialAction":[{"@type":"ReadAction","target":["https:\/\/abd.ong\/ca\/infancia-i-familia\/lespai-familiar-el-petit-drac-celebra-la-tradicional-festa-de-larriba-de-lestiu\/"]}]},{"@type":"ImageObject","inLanguage":"ca","@id":"https:\/\/abd.ong\/ca\/infancia-i-familia\/lespai-familiar-el-petit-drac-celebra-la-tradicional-festa-de-larriba-de-lestiu\/#primaryimage","url":"https:\/\/abd.ong\/wp-content\/uploads\/1970\/01\/Festa-arribada-estiu-1.jpg","contentUrl":"https:\/\/abd.ong\/wp-content\/uploads\/1970\/01\/Festa-arribada-estiu-1.jpg","width":2048,"height":1536},{"@type":"BreadcrumbList","@id":"https:\/\/abd.ong\/ca\/infancia-i-familia\/lespai-familiar-el-petit-drac-celebra-la-tradicional-festa-de-larriba-de-lestiu\/#breadcrumb","itemListElement":[{"@type":"ListItem","position":1,"name":"Inici","item":"https:\/\/abd.ong\/ca\/"},{"@type":"ListItem","position":2,"name":"L\u2019Espai Familiar El Petit Drac celebra la tradicional festa de l\u2019arribada de l\u2019estiu"}]},{"@type":"WebSite","@id":"https:\/\/abd.ong\/ca\/#website","url":"https:\/\/abd.ong\/ca\/","name":"ABD","description":"Asociaci\u00f3n Bienestar y Desarrollo","publisher":{"@id":"https:\/\/abd.ong\/ca\/#organization"},"potentialAction":[{"@type":"SearchAction","target":{"@type":"EntryPoint","urlTemplate":"https:\/\/abd.ong\/ca\/?s={search_term_string}"},"query-input":{"@type":"PropertyValueSpecification","valueRequired":true,"valueName":"search_term_string"}}],"inLanguage":"ca"},{"@type":"Organization","@id":"https:\/\/abd.ong\/ca\/#organization","name":"Associaci\u00f3 Benestar i Desenvolupament","alternateName":"ABD","url":"https:\/\/abd.ong\/ca\/","logo":{"@type":"ImageObject","inLanguage":"ca","@id":"https:\/\/abd.ong\/ca\/#\/schema\/logo\/image\/","url":"https:\/\/abd.ong\/wp-content\/uploads\/2023\/01\/Icona.png","contentUrl":"https:\/\/abd.ong\/wp-content\/uploads\/2023\/01\/Icona.png","width":190,"height":187,"caption":"Associaci\u00f3 Benestar i Desenvolupament"},"image":{"@id":"https:\/\/abd.ong\/ca\/#\/schema\/logo\/image\/"},"sameAs":["https:\/\/www.facebook.com\/abd.ong","https:\/\/x.com\/abd_ong","https:\/\/www.instagram.com\/abd_ong\/","https:\/\/www.linkedin.com\/company\/abdong","https:\/\/www.youtube.com\/user\/CANALABD"]},{"@type":"Person","@id":"https:\/\/abd.ong\/ca\/#\/schema\/person\/1b9cf116597cda3a4b8900a43c641f6e","name":"M_Disseny"}]}},"_links":{"self":[{"href":"https:\/\/abd.ong\/ca\/wp-json\/wp\/v2\/posts\/10358","targetHints":{"allow":["GET"]}}],"collection":[{"href":"https:\/\/abd.ong\/ca\/wp-json\/wp\/v2\/posts"}],"about":[{"href":"https:\/\/abd.ong\/ca\/wp-json\/wp\/v2\/types\/post"}],"author":[{"embeddable":true,"href":"https:\/\/abd.ong\/ca\/wp-json\/wp\/v2\/users\/1"}],"replies":[{"embeddable":true,"href":"https:\/\/abd.ong\/ca\/wp-json\/wp\/v2\/comments?post=10358"}],"version-history":[{"count":2,"href":"https:\/\/abd.ong\/ca\/wp-json\/wp\/v2\/posts\/10358\/revisions"}],"predecessor-version":[{"id":20293,"href":"https:\/\/abd.ong\/ca\/wp-json\/wp\/v2\/posts\/10358\/revisions\/20293"}],"wp:featuredmedia":[{"embeddable":true,"href":"https:\/\/abd.ong\/ca\/wp-json\/wp\/v2\/media\/2563"}],"wp:attachment":[{"href":"https:\/\/abd.ong\/ca\/wp-json\/wp\/v2\/media?parent=10358"}],"wp:term":[{"taxonomy":"category","embeddable":true,"href":"https:\/\/abd.ong\/ca\/wp-json\/wp\/v2\/categories?post=10358"},{"taxonomy":"post_tag","embeddable":true,"href":"https:\/\/abd.ong\/ca\/wp-json\/wp\/v2\/tags?post=10358"}],"curies":[{"name":"wp","href":"https:\/\/api.w.org\/{rel}","templated":true}]}}