{"id":10342,"date":"2019-05-31T00:00:00","date_gmt":"2019-05-30T22:00:00","guid":{"rendered":"https:\/\/abd.ong\/sin-categorizar\/terapies-amb-el-cor-gossos-que-milloren-la-qualitat-de-vida-de-les-persones-grans\/"},"modified":"2021-02-17T18:34:48","modified_gmt":"2021-02-17T17:34:48","slug":"terapies-amb-el-cor-gossos-que-milloren-la-qualitat-de-vida-de-les-persones-grans","status":"publish","type":"post","link":"https:\/\/abd.ong\/ca\/dependencia-i-gent-gran\/terapies-amb-el-cor-gossos-que-milloren-la-qualitat-de-vida-de-les-persones-grans\/","title":{"rendered":"Ter\u00e0pies amb el cor: Gossos que milloren la qualitat de vida de les persones grans"},"content":{"rendered":"<p>S\u00f3n les 10.30h d\u2019un dimarts qualsevol a la <a href=\"https:\/\/abd.ong\/blog\/ca\/serveis\/residencia-i-centre-de-dia-sant-pere-claver\/\">Resid\u00e8ncia i Centre de Dia Sant Pere Claver de Verd\u00fa (Lleida)<\/a>. En el centre -de titularitat p\u00fablica de la Generalitat de Catalunya i gestionat per l\u2019<a href=\"https:\/\/abd.ong\">Associaci\u00f3 Benestar i Desenvolupament ABD<\/a>&#8211; hi predomina el silenci i la tranquil\u00b7litat. Les persones usu\u00e0ries es distribueixen en diferents estances. Ja fa estona que han esmorzat. Majorit\u00e0riament descansen en una de les sales d\u2019estar. Mica en mica es detecta un cert moviment i, ja sigui sols o soles o amb l\u2019ajuda de les professionals, es van dirigint a l\u2019entrada principal on van coupant les diferents cadires que estan situades al voltant de la sala.<\/p>\n<p>All\u00e0 s\u2019hi troben el Marc, l\u2019Ant\u00f2nia, la Cinta, la Maria, l\u2019Antonio, la Pepita, la Leonor, la Nati, la Paquita, el Ramon i la Rosa. Sembla que est\u00e0 a punt de passar alguna cosa. De sobte s\u2019obre la porta i entren el Teo i la Mel acompanyats de la Merc\u00e8. Un a un van saludant a totes les persones que es troben all\u00ed presents. Les cares han canviat. Ara hi predomina una alegria i un somriure que no els abandonar\u00e0 en una bona estona. Ha arribat l\u2019hora d\u2019una ter\u00e0pia ben diferent. I \u00e9s que el Teo i la Mel s\u00f3n dos gossos que formen part dels tallers \u2018Ter\u00e0pies amb el cor\u2019, que dirigeix la <strong>Merc\u00e8 Folch<\/strong>, i que fa dos anys que es duen a terme a la Resid\u00e8ncia i Centre de Dia Sant Pere Claver. El perqu\u00e8 de l\u2019activitat \u00e9s ben simple, <strong>\u201cels animals de companyia estan considerats com una medicina preventiva i aleshores el que fan aqu\u00ed \u00e9s millorar la qualitat de vida i promoure la salut de les persones que atenem\u201d<\/strong>, ens explica la directora de la resid\u00e8ncia, <strong>Imma Prim<\/strong>.<\/p>\n<p><a href=\"https:\/\/abd.ong\/blog\/wp-content\/uploads\/2019\/05\/SAM_3135.jpg\"><img fetchpriority=\"high\" decoding=\"async\" class=\"aligncenter size-medium wp-image-5109\" src=\"https:\/\/abd.ong\/blog\/wp-content\/uploads\/2019\/05\/SAM_3135-300x200.jpg\" alt=\"\" width=\"300\" height=\"200\" \/><\/a><\/p>\n<p>La ter\u00e0pia en gossos forma part d\u2019un pla de treball que es va comen\u00e7ar a implantar fa cinc anys al servei. \u00a0L\u2019 objectiu d\u2019aquest pla era l\u2019eliminaci\u00f3 de les subjeccions f\u00edsiques i la reducci\u00f3 de les subjeccions qu\u00edmiques (fent un \u00fas racional de la medicaci\u00f3 psicotr\u00f2pica). A partir d\u2019aqu\u00ed es van comen\u00e7ar a introduir tractaments no farmacol\u00f2gics mitjan\u00e7ant activitats que estimulen i aporten una millor qualitat de vida i benestar a les persones. I \u00e9s en aquest context que es va engegar la ter\u00e0pia amb gossos. L\u2019any 2016 es va fer una prova pilot que va tenir una fant\u00e0stica acollida i des de l\u2019any 2017 l\u2019activitat es fa de manera peri\u00f2dica i setmanal. En concret, es realitza una sessi\u00f3 d\u2019una hora amb les persones amb un deteriorament cognitiu avan\u00e7at i una altra sessi\u00f3 tamb\u00e9 d\u2019una hora amb les persones que tenen un deteriorament cognitiu lleu.<\/p>\n<h3>Els beneficis de la ter\u00e0pia<\/h3>\n<p>La Merc\u00e8 Folch ens exposa les claus de la ter\u00e0pia amb gossos. <strong>\u201cL\u2019eix principal de la ter\u00e0pia \u00e9s el vincle afectiu que es crea. Aqu\u00ed tenim l\u2019avantatge que la gent t\u00e9 molta afinitat amb els animals. Estem en un entorn rural i tots han tingut animals. I la ter\u00e0pia els ajuda a tirar enrere i comen\u00e7ar a obrir els calaixets de la mem\u00f2ria\u201d<\/strong>. \u00c9s a dir, <strong>\u201cel vincle afectiu que es crea amb l\u2019animal \u00e9s l\u2019element motivador, el gos \u00e9s el facilitador que permet obrir els canals per a qualsevol cosa que vulguem treballar\u201d<\/strong>, afegeix.<\/p>\n<p><a href=\"https:\/\/abd.ong\/blog\/wp-content\/uploads\/2019\/05\/IMG_20190528_110011.jpg\"><img decoding=\"async\" class=\"aligncenter size-medium wp-image-5100\" src=\"https:\/\/abd.ong\/blog\/wp-content\/uploads\/2019\/05\/IMG_20190528_110011-300x225.jpg\" alt=\"\" width=\"300\" height=\"225\" \/><\/a><\/p>\n<p>En aquest sentit, la Merc\u00e8 ens assenyala, amb satisfacci\u00f3, que les persones usu\u00e0ries <strong>\u201csempre que arribem es posen contentes perqu\u00e8 \u00e9s un est\u00edmul diferent, els gossos sempre els hi aporten estima i una bona resposta, i aix\u00f2 els motiva molt\u00edssim\u201d<\/strong>. A partir d\u2019aqu\u00ed, i a trav\u00e9s del joc amb l\u2019animal, es pot treballar amb les persones usu\u00e0ries tant a nivell d\u2019estimulaci\u00f3 cognitiva, com a nivell motriu o de comunicaci\u00f3.<\/p>\n<p>En la mateixa l\u00ednia, Imma Prim ens resumeix els beneficis de la ter\u00e0pia. El primer \u00e9s l\u2019activaci\u00f3 de la mem\u00f2ria, ja que molts d\u2019ells i moltes d&#8217;elles han tingut gossos activament i aleshores aix\u00f2 els hi aporta un record de la seva vida. Tamb\u00e9 els hi millora l\u2019autoestima i fomenta l\u2019activitat f\u00edsica ja que a trav\u00e9s del joc el gos i la persona realitzen una estimulaci\u00f3 de les habilitats f\u00edsiques. A m\u00e9s, els hi millora l\u2019estat d\u2019\u00e0nim fomentant el bon humor i tamb\u00e9 produeix una estimulaci\u00f3 sensorial.<\/p>\n<h3>\u201cEns agrada molt. Ens fa pensar i recordar\u201d<\/h3>\n<p>L\u2019activitat d\u2019aquesta setmana \u00e9s tant senzilla com efectiva. La Merc\u00e8 els hi llen\u00e7a un dau que t\u00e9 fotografies en totes les seves cares. En aquestes instant\u00e0nies per exemple es mostren els diferents gossos que ja coneixen fent diferents accions. Aleshores les persones usu\u00e0ries han d\u2019atrapar el dau, descriure l\u2019acci\u00f3 de la cara del dau que els hi marca la instructora i finalment l\u2019han de reproduir.<\/p>\n<p>En aquesta activitat el Teo \u00e9s el rei de la festa. Va amunt i avall sense parar. Se\u2019l nota content. La Mel \u00e9s m\u00e9s tranquil\u00b7la. Se la veu molt relaxada i a gust. El Marc els hi llen\u00e7a la pilota. L\u2019Ant\u00f2nia els pentina. A la Cinta li encanta que li pugin a la falda. <strong>\u201cM\u2019agrada molt estar amb ells\u201d<\/strong>, ens diu.<strong> \u201cI sobretot agafar-los-hi les orelles\u201d<\/strong> (somriu). I el m\u00e9s important, l\u2019activitat \u201chem fa pensar i recordar\u201d, ens remarca.<\/p>\n<p><a href=\"https:\/\/abd.ong\/blog\/wp-content\/uploads\/2019\/05\/SAM_3127.jpg\"><img decoding=\"async\" class=\"aligncenter size-medium wp-image-5097\" src=\"https:\/\/abd.ong\/blog\/wp-content\/uploads\/2019\/05\/SAM_3127-300x200.jpg\" alt=\"\" width=\"300\" height=\"200\" \/><\/a><\/p>\n<p>A la Maria li fan amagar la pilota perqu\u00e8 la busquin el Teo i la Mel, per\u00f2 \u00e9s tan bona persona que confessa l\u2019amagatall abans d\u2019hora. L\u2019Antonio gaudeix al m\u00e0xim. Es nota que havia tingut gossos a casa, fins a sis, ens recorda. S\u2019atreveix a tot i ens ensenya orgull\u00f3s com el Teo segueix les seves instruccions. <strong>\u201c\u00c9s una estona que estem amb ells, estem distrets i ens va molt b\u00e9. Els gossos estan tranquils i nosaltres gaudim d\u2019ells\u201d<\/strong>, assegura.<\/p>\n<p><a href=\"https:\/\/abd.ong\/blog\/wp-content\/uploads\/2019\/05\/SAM_3124.jpg\"><img loading=\"lazy\" decoding=\"async\" class=\"aligncenter size-medium wp-image-5103\" src=\"https:\/\/abd.ong\/blog\/wp-content\/uploads\/2019\/05\/SAM_3124-300x200.jpg\" alt=\"\" width=\"300\" height=\"200\" \/><\/a><\/p>\n<p>La Pepita, sempre somrient, no acaba de recordar la paraula m\u00e0gica perqu\u00e8 la Mel li pugi a la falda per\u00f2 finalment, amb l\u2019ajuda de tots, de la mem\u00f2ria apareix la paraula \u2018Amunt\u2019. La Leonor fa de tot, li arregla el mocador al Teo, li dona de menjar, li amaga la pilota, el pentina. Al seu costat, la Nati, \u00e9s m\u00e9s prudent per\u00f2 tampoc perd l\u2019ocasi\u00f3 per fer-los-hi car\u00edcies. El Ramon \u00e9s un artista fent donar voltes a un Teo que li fa treure el seu costat m\u00e9s trapella.<\/p>\n<p><a href=\"https:\/\/abd.ong\/blog\/wp-content\/uploads\/2019\/05\/SAM_3193.jpg\"><img loading=\"lazy\" decoding=\"async\" class=\"aligncenter size-medium wp-image-5106\" src=\"https:\/\/abd.ong\/blog\/wp-content\/uploads\/2019\/05\/SAM_3193-300x200.jpg\" alt=\"\" width=\"300\" height=\"200\" \/><\/a><\/p>\n<p>I finalment la Rosa. Tal vegada el cas m\u00e9s simptom\u00e0tic del qu\u00e8 representa aquesta ter\u00e0pia per a les persones grans. En tot moment segueix l\u2019activitat des de la dist\u00e0ncia i sense voler-hi participar. Sembla que li fan por els gossos. Per\u00f2 contagiada per la participaci\u00f3 i l\u2019actitud activa i positiva de totes i totes, finalment s\u2019anima. Aix\u00f2 s\u00ed, primer nom\u00e9s li vol fer donar voltes a la Mel perqu\u00e8 el contacte sembla que l&#8217;espanta. No obstant aix\u00f2, mica en mica agafa confian\u00e7a. Primer els acar\u00edcia i despr\u00e9s els hi llen\u00e7a la pilota com si ho hagu\u00e9s fet tota la vida. Acte seguit, la directora de la resid\u00e8ncia ens confessa a causa d&#8217;orella que \u00e9s la primera vegada que la Rosa ha estat en contacte amb els gossos des de que va arribar al Centre.<\/p>\n<p>Vistos els resultats no nom\u00e9s podem confirmar que el gos \u00e9s el millor amic de l\u2019home sin\u00f3 que tamb\u00e9 hi podem afegir que sovint \u00e9s la seva millor medicina.<\/p>\n<p>(<a href=\"https:\/\/www.youtube.com\/watch?v=OVcIuyZw8T4\"><strong>Veure al v\u00eddeo<\/strong><\/a>)<\/p>\n<p><iframe title=\"Ter\u00e0pies amb el cor\" width=\"500\" height=\"281\" src=\"https:\/\/www.youtube.com\/embed\/OVcIuyZw8T4?feature=oembed\" frameborder=\"0\" allow=\"accelerometer; autoplay; clipboard-write; encrypted-media; gyroscope; picture-in-picture; web-share\" referrerpolicy=\"strict-origin-when-cross-origin\" allowfullscreen><\/iframe><\/p>\n","protected":false},"excerpt":{"rendered":"<p>S\u00f3n les 10.30h d\u2019un dimarts qualsevol a la Resid\u00e8ncia i Centre de Dia Sant Pere Claver de Verd\u00fa (Lleida). En el centre -de titularitat p\u00fablica de la Generalitat de Catalunya&hellip;<\/p>\n","protected":false},"author":1,"featured_media":2471,"comment_status":"closed","ping_status":"closed","sticky":false,"template":"","format":"standard","meta":{"_acf_changed":false,"footnotes":""},"categories":[1298],"tags":[119,394,324,323,276,747,748],"class_list":["post-10342","post","type-post","status-publish","format-standard","has-post-thumbnail","hentry","category-dependencia-i-gent-gran","tag-abd","tag-associacio-benestar-i-desenvlupament","tag-gent-gran","tag-millorar-qualitat-de-vida-gent-gran","tag-residencia-i-centre-de-dia-sant-pere-claver-de-verdu","tag-terapia-amb-gossos","tag-terapies-amb-el-cor","ods-reduccio-de-les-desigualtats","ods-salut-i-benestar","right-drets-de-les-persones-grans"],"acf":[],"yoast_head":"<!-- This site is optimized with the Yoast SEO plugin v27.4 - https:\/\/yoast.com\/product\/yoast-seo-wordpress\/ -->\n<title>Ter\u00e0pies amb el cor: Gossos que milloren la qualitat de vida de les persones grans - ABD<\/title>\n<meta name=\"description\" content=\"S\u00f3n les 10.30h d\u2019un dimarts qualsevol a la Resid\u00e8ncia i Centre de Dia Sant Pere Claver de Verd\u00fa (Lleida). En el centre -de titularitat p\u00fablica de la\" \/>\n<meta name=\"robots\" content=\"index, follow, max-snippet:-1, max-image-preview:large, max-video-preview:-1\" \/>\n<link rel=\"canonical\" href=\"https:\/\/abd.ong\/ca\/dependencia-i-gent-gran\/terapies-amb-el-cor-gossos-que-milloren-la-qualitat-de-vida-de-les-persones-grans\/\" \/>\n<meta property=\"og:locale\" content=\"ca_ES\" \/>\n<meta property=\"og:type\" content=\"article\" \/>\n<meta property=\"og:title\" content=\"Ter\u00e0pies amb el cor: Gossos que milloren la qualitat de vida de les persones grans - ABD\" \/>\n<meta property=\"og:description\" content=\"S\u00f3n les 10.30h d\u2019un dimarts qualsevol a la Resid\u00e8ncia i Centre de Dia Sant Pere Claver de Verd\u00fa (Lleida). En el centre -de titularitat p\u00fablica de la\" \/>\n<meta property=\"og:url\" content=\"https:\/\/abd.ong\/ca\/dependencia-i-gent-gran\/terapies-amb-el-cor-gossos-que-milloren-la-qualitat-de-vida-de-les-persones-grans\/\" \/>\n<meta property=\"og:site_name\" content=\"ABD\" \/>\n<meta property=\"article:publisher\" content=\"https:\/\/www.facebook.com\/abd.ong\" \/>\n<meta property=\"article:published_time\" content=\"2019-05-30T22:00:00+00:00\" \/>\n<meta property=\"article:modified_time\" content=\"2021-02-17T17:34:48+00:00\" \/>\n<meta property=\"og:image\" content=\"https:\/\/abd.ong\/wp-content\/uploads\/1970\/01\/SAM_3180.jpg\" \/>\n\t<meta property=\"og:image:width\" content=\"2048\" \/>\n\t<meta property=\"og:image:height\" content=\"1365\" \/>\n\t<meta property=\"og:image:type\" content=\"image\/jpeg\" \/>\n<meta name=\"author\" content=\"M_Disseny\" \/>\n<meta name=\"twitter:card\" content=\"summary_large_image\" \/>\n<meta name=\"twitter:creator\" content=\"@abd_ong\" \/>\n<meta name=\"twitter:site\" content=\"@abd_ong\" \/>\n<meta name=\"twitter:label1\" content=\"Escrit per\" \/>\n\t<meta name=\"twitter:data1\" content=\"M_Disseny\" \/>\n\t<meta name=\"twitter:label2\" content=\"Temps estimat de lectura\" \/>\n\t<meta name=\"twitter:data2\" content=\"7 minuts\" \/>\n<script type=\"application\/ld+json\" class=\"yoast-schema-graph\">{\"@context\":\"https:\\\/\\\/schema.org\",\"@graph\":[{\"@type\":\"Article\",\"@id\":\"https:\\\/\\\/abd.ong\\\/ca\\\/dependencia-i-gent-gran\\\/terapies-amb-el-cor-gossos-que-milloren-la-qualitat-de-vida-de-les-persones-grans\\\/#article\",\"isPartOf\":{\"@id\":\"https:\\\/\\\/abd.ong\\\/ca\\\/dependencia-i-gent-gran\\\/terapies-amb-el-cor-gossos-que-milloren-la-qualitat-de-vida-de-les-persones-grans\\\/\"},\"author\":{\"name\":\"M_Disseny\",\"@id\":\"https:\\\/\\\/abd.ong\\\/ca\\\/#\\\/schema\\\/person\\\/1b9cf116597cda3a4b8900a43c641f6e\"},\"headline\":\"Ter\u00e0pies amb el cor: Gossos que milloren la qualitat de vida de les persones grans\",\"datePublished\":\"2019-05-30T22:00:00+00:00\",\"dateModified\":\"2021-02-17T17:34:48+00:00\",\"mainEntityOfPage\":{\"@id\":\"https:\\\/\\\/abd.ong\\\/ca\\\/dependencia-i-gent-gran\\\/terapies-amb-el-cor-gossos-que-milloren-la-qualitat-de-vida-de-les-persones-grans\\\/\"},\"wordCount\":1327,\"publisher\":{\"@id\":\"https:\\\/\\\/abd.ong\\\/ca\\\/#organization\"},\"image\":{\"@id\":\"https:\\\/\\\/abd.ong\\\/ca\\\/dependencia-i-gent-gran\\\/terapies-amb-el-cor-gossos-que-milloren-la-qualitat-de-vida-de-les-persones-grans\\\/#primaryimage\"},\"thumbnailUrl\":\"https:\\\/\\\/abd.ong\\\/wp-content\\\/uploads\\\/1970\\\/01\\\/SAM_3180.jpg\",\"keywords\":[\"ABD\",\"Associaci\u00f3 Benestar i Desenvlupament\",\"gent gran\",\"millorar qualitat de vida gent gran\",\"Resid\u00e8ncia i Centre de Dia Sant Pere Claver de Verd\u00fa\",\"ter\u00e0pia amb gossos\",\"ter\u00e0pies amb el cor\"],\"articleSection\":[\"Depend\u00e8ncia i gent gran\"],\"inLanguage\":\"ca\"},{\"@type\":\"WebPage\",\"@id\":\"https:\\\/\\\/abd.ong\\\/ca\\\/dependencia-i-gent-gran\\\/terapies-amb-el-cor-gossos-que-milloren-la-qualitat-de-vida-de-les-persones-grans\\\/\",\"url\":\"https:\\\/\\\/abd.ong\\\/ca\\\/dependencia-i-gent-gran\\\/terapies-amb-el-cor-gossos-que-milloren-la-qualitat-de-vida-de-les-persones-grans\\\/\",\"name\":\"Ter\u00e0pies amb el cor: Gossos que milloren la qualitat de vida de les persones grans - ABD\",\"isPartOf\":{\"@id\":\"https:\\\/\\\/abd.ong\\\/ca\\\/#website\"},\"primaryImageOfPage\":{\"@id\":\"https:\\\/\\\/abd.ong\\\/ca\\\/dependencia-i-gent-gran\\\/terapies-amb-el-cor-gossos-que-milloren-la-qualitat-de-vida-de-les-persones-grans\\\/#primaryimage\"},\"image\":{\"@id\":\"https:\\\/\\\/abd.ong\\\/ca\\\/dependencia-i-gent-gran\\\/terapies-amb-el-cor-gossos-que-milloren-la-qualitat-de-vida-de-les-persones-grans\\\/#primaryimage\"},\"thumbnailUrl\":\"https:\\\/\\\/abd.ong\\\/wp-content\\\/uploads\\\/1970\\\/01\\\/SAM_3180.jpg\",\"datePublished\":\"2019-05-30T22:00:00+00:00\",\"dateModified\":\"2021-02-17T17:34:48+00:00\",\"description\":\"S\u00f3n les 10.30h d\u2019un dimarts qualsevol a la Resid\u00e8ncia i Centre de Dia Sant Pere Claver de Verd\u00fa (Lleida). En el centre -de titularitat p\u00fablica de la\",\"breadcrumb\":{\"@id\":\"https:\\\/\\\/abd.ong\\\/ca\\\/dependencia-i-gent-gran\\\/terapies-amb-el-cor-gossos-que-milloren-la-qualitat-de-vida-de-les-persones-grans\\\/#breadcrumb\"},\"inLanguage\":\"ca\",\"potentialAction\":[{\"@type\":\"ReadAction\",\"target\":[\"https:\\\/\\\/abd.ong\\\/ca\\\/dependencia-i-gent-gran\\\/terapies-amb-el-cor-gossos-que-milloren-la-qualitat-de-vida-de-les-persones-grans\\\/\"]}]},{\"@type\":\"ImageObject\",\"inLanguage\":\"ca\",\"@id\":\"https:\\\/\\\/abd.ong\\\/ca\\\/dependencia-i-gent-gran\\\/terapies-amb-el-cor-gossos-que-milloren-la-qualitat-de-vida-de-les-persones-grans\\\/#primaryimage\",\"url\":\"https:\\\/\\\/abd.ong\\\/wp-content\\\/uploads\\\/1970\\\/01\\\/SAM_3180.jpg\",\"contentUrl\":\"https:\\\/\\\/abd.ong\\\/wp-content\\\/uploads\\\/1970\\\/01\\\/SAM_3180.jpg\",\"width\":2048,\"height\":1365},{\"@type\":\"BreadcrumbList\",\"@id\":\"https:\\\/\\\/abd.ong\\\/ca\\\/dependencia-i-gent-gran\\\/terapies-amb-el-cor-gossos-que-milloren-la-qualitat-de-vida-de-les-persones-grans\\\/#breadcrumb\",\"itemListElement\":[{\"@type\":\"ListItem\",\"position\":1,\"name\":\"Inici\",\"item\":\"https:\\\/\\\/abd.ong\\\/ca\\\/\"},{\"@type\":\"ListItem\",\"position\":2,\"name\":\"Ter\u00e0pies amb el cor: Gossos que milloren la qualitat de vida de les persones grans\"}]},{\"@type\":\"WebSite\",\"@id\":\"https:\\\/\\\/abd.ong\\\/ca\\\/#website\",\"url\":\"https:\\\/\\\/abd.ong\\\/ca\\\/\",\"name\":\"ABD\",\"description\":\"Asociaci\u00f3n Bienestar y Desarrollo\",\"publisher\":{\"@id\":\"https:\\\/\\\/abd.ong\\\/ca\\\/#organization\"},\"potentialAction\":[{\"@type\":\"SearchAction\",\"target\":{\"@type\":\"EntryPoint\",\"urlTemplate\":\"https:\\\/\\\/abd.ong\\\/ca\\\/?s={search_term_string}\"},\"query-input\":{\"@type\":\"PropertyValueSpecification\",\"valueRequired\":true,\"valueName\":\"search_term_string\"}}],\"inLanguage\":\"ca\"},{\"@type\":\"Organization\",\"@id\":\"https:\\\/\\\/abd.ong\\\/ca\\\/#organization\",\"name\":\"Associaci\u00f3 Benestar i Desenvolupament\",\"alternateName\":\"ABD\",\"url\":\"https:\\\/\\\/abd.ong\\\/ca\\\/\",\"logo\":{\"@type\":\"ImageObject\",\"inLanguage\":\"ca\",\"@id\":\"https:\\\/\\\/abd.ong\\\/ca\\\/#\\\/schema\\\/logo\\\/image\\\/\",\"url\":\"https:\\\/\\\/abd.ong\\\/wp-content\\\/uploads\\\/2023\\\/01\\\/Icona.png\",\"contentUrl\":\"https:\\\/\\\/abd.ong\\\/wp-content\\\/uploads\\\/2023\\\/01\\\/Icona.png\",\"width\":190,\"height\":187,\"caption\":\"Associaci\u00f3 Benestar i Desenvolupament\"},\"image\":{\"@id\":\"https:\\\/\\\/abd.ong\\\/ca\\\/#\\\/schema\\\/logo\\\/image\\\/\"},\"sameAs\":[\"https:\\\/\\\/www.facebook.com\\\/abd.ong\",\"https:\\\/\\\/x.com\\\/abd_ong\",\"https:\\\/\\\/www.instagram.com\\\/abd_ong\\\/\",\"https:\\\/\\\/www.linkedin.com\\\/company\\\/abdong\",\"https:\\\/\\\/www.youtube.com\\\/user\\\/CANALABD\"]},{\"@type\":\"Person\",\"@id\":\"https:\\\/\\\/abd.ong\\\/ca\\\/#\\\/schema\\\/person\\\/1b9cf116597cda3a4b8900a43c641f6e\",\"name\":\"M_Disseny\"}]}<\/script>\n<!-- \/ Yoast SEO plugin. -->","yoast_head_json":{"title":"Ter\u00e0pies amb el cor: Gossos que milloren la qualitat de vida de les persones grans - ABD","description":"S\u00f3n les 10.30h d\u2019un dimarts qualsevol a la Resid\u00e8ncia i Centre de Dia Sant Pere Claver de Verd\u00fa (Lleida). En el centre -de titularitat p\u00fablica de la","robots":{"index":"index","follow":"follow","max-snippet":"max-snippet:-1","max-image-preview":"max-image-preview:large","max-video-preview":"max-video-preview:-1"},"canonical":"https:\/\/abd.ong\/ca\/dependencia-i-gent-gran\/terapies-amb-el-cor-gossos-que-milloren-la-qualitat-de-vida-de-les-persones-grans\/","og_locale":"ca_ES","og_type":"article","og_title":"Ter\u00e0pies amb el cor: Gossos que milloren la qualitat de vida de les persones grans - ABD","og_description":"S\u00f3n les 10.30h d\u2019un dimarts qualsevol a la Resid\u00e8ncia i Centre de Dia Sant Pere Claver de Verd\u00fa (Lleida). En el centre -de titularitat p\u00fablica de la","og_url":"https:\/\/abd.ong\/ca\/dependencia-i-gent-gran\/terapies-amb-el-cor-gossos-que-milloren-la-qualitat-de-vida-de-les-persones-grans\/","og_site_name":"ABD","article_publisher":"https:\/\/www.facebook.com\/abd.ong","article_published_time":"2019-05-30T22:00:00+00:00","article_modified_time":"2021-02-17T17:34:48+00:00","og_image":[{"width":2048,"height":1365,"url":"https:\/\/abd.ong\/wp-content\/uploads\/1970\/01\/SAM_3180.jpg","type":"image\/jpeg"}],"author":"M_Disseny","twitter_card":"summary_large_image","twitter_creator":"@abd_ong","twitter_site":"@abd_ong","twitter_misc":{"Escrit per":"M_Disseny","Temps estimat de lectura":"7 minuts"},"schema":{"@context":"https:\/\/schema.org","@graph":[{"@type":"Article","@id":"https:\/\/abd.ong\/ca\/dependencia-i-gent-gran\/terapies-amb-el-cor-gossos-que-milloren-la-qualitat-de-vida-de-les-persones-grans\/#article","isPartOf":{"@id":"https:\/\/abd.ong\/ca\/dependencia-i-gent-gran\/terapies-amb-el-cor-gossos-que-milloren-la-qualitat-de-vida-de-les-persones-grans\/"},"author":{"name":"M_Disseny","@id":"https:\/\/abd.ong\/ca\/#\/schema\/person\/1b9cf116597cda3a4b8900a43c641f6e"},"headline":"Ter\u00e0pies amb el cor: Gossos que milloren la qualitat de vida de les persones grans","datePublished":"2019-05-30T22:00:00+00:00","dateModified":"2021-02-17T17:34:48+00:00","mainEntityOfPage":{"@id":"https:\/\/abd.ong\/ca\/dependencia-i-gent-gran\/terapies-amb-el-cor-gossos-que-milloren-la-qualitat-de-vida-de-les-persones-grans\/"},"wordCount":1327,"publisher":{"@id":"https:\/\/abd.ong\/ca\/#organization"},"image":{"@id":"https:\/\/abd.ong\/ca\/dependencia-i-gent-gran\/terapies-amb-el-cor-gossos-que-milloren-la-qualitat-de-vida-de-les-persones-grans\/#primaryimage"},"thumbnailUrl":"https:\/\/abd.ong\/wp-content\/uploads\/1970\/01\/SAM_3180.jpg","keywords":["ABD","Associaci\u00f3 Benestar i Desenvlupament","gent gran","millorar qualitat de vida gent gran","Resid\u00e8ncia i Centre de Dia Sant Pere Claver de Verd\u00fa","ter\u00e0pia amb gossos","ter\u00e0pies amb el cor"],"articleSection":["Depend\u00e8ncia i gent gran"],"inLanguage":"ca"},{"@type":"WebPage","@id":"https:\/\/abd.ong\/ca\/dependencia-i-gent-gran\/terapies-amb-el-cor-gossos-que-milloren-la-qualitat-de-vida-de-les-persones-grans\/","url":"https:\/\/abd.ong\/ca\/dependencia-i-gent-gran\/terapies-amb-el-cor-gossos-que-milloren-la-qualitat-de-vida-de-les-persones-grans\/","name":"Ter\u00e0pies amb el cor: Gossos que milloren la qualitat de vida de les persones grans - ABD","isPartOf":{"@id":"https:\/\/abd.ong\/ca\/#website"},"primaryImageOfPage":{"@id":"https:\/\/abd.ong\/ca\/dependencia-i-gent-gran\/terapies-amb-el-cor-gossos-que-milloren-la-qualitat-de-vida-de-les-persones-grans\/#primaryimage"},"image":{"@id":"https:\/\/abd.ong\/ca\/dependencia-i-gent-gran\/terapies-amb-el-cor-gossos-que-milloren-la-qualitat-de-vida-de-les-persones-grans\/#primaryimage"},"thumbnailUrl":"https:\/\/abd.ong\/wp-content\/uploads\/1970\/01\/SAM_3180.jpg","datePublished":"2019-05-30T22:00:00+00:00","dateModified":"2021-02-17T17:34:48+00:00","description":"S\u00f3n les 10.30h d\u2019un dimarts qualsevol a la Resid\u00e8ncia i Centre de Dia Sant Pere Claver de Verd\u00fa (Lleida). En el centre -de titularitat p\u00fablica de la","breadcrumb":{"@id":"https:\/\/abd.ong\/ca\/dependencia-i-gent-gran\/terapies-amb-el-cor-gossos-que-milloren-la-qualitat-de-vida-de-les-persones-grans\/#breadcrumb"},"inLanguage":"ca","potentialAction":[{"@type":"ReadAction","target":["https:\/\/abd.ong\/ca\/dependencia-i-gent-gran\/terapies-amb-el-cor-gossos-que-milloren-la-qualitat-de-vida-de-les-persones-grans\/"]}]},{"@type":"ImageObject","inLanguage":"ca","@id":"https:\/\/abd.ong\/ca\/dependencia-i-gent-gran\/terapies-amb-el-cor-gossos-que-milloren-la-qualitat-de-vida-de-les-persones-grans\/#primaryimage","url":"https:\/\/abd.ong\/wp-content\/uploads\/1970\/01\/SAM_3180.jpg","contentUrl":"https:\/\/abd.ong\/wp-content\/uploads\/1970\/01\/SAM_3180.jpg","width":2048,"height":1365},{"@type":"BreadcrumbList","@id":"https:\/\/abd.ong\/ca\/dependencia-i-gent-gran\/terapies-amb-el-cor-gossos-que-milloren-la-qualitat-de-vida-de-les-persones-grans\/#breadcrumb","itemListElement":[{"@type":"ListItem","position":1,"name":"Inici","item":"https:\/\/abd.ong\/ca\/"},{"@type":"ListItem","position":2,"name":"Ter\u00e0pies amb el cor: Gossos que milloren la qualitat de vida de les persones grans"}]},{"@type":"WebSite","@id":"https:\/\/abd.ong\/ca\/#website","url":"https:\/\/abd.ong\/ca\/","name":"ABD","description":"Asociaci\u00f3n Bienestar y Desarrollo","publisher":{"@id":"https:\/\/abd.ong\/ca\/#organization"},"potentialAction":[{"@type":"SearchAction","target":{"@type":"EntryPoint","urlTemplate":"https:\/\/abd.ong\/ca\/?s={search_term_string}"},"query-input":{"@type":"PropertyValueSpecification","valueRequired":true,"valueName":"search_term_string"}}],"inLanguage":"ca"},{"@type":"Organization","@id":"https:\/\/abd.ong\/ca\/#organization","name":"Associaci\u00f3 Benestar i Desenvolupament","alternateName":"ABD","url":"https:\/\/abd.ong\/ca\/","logo":{"@type":"ImageObject","inLanguage":"ca","@id":"https:\/\/abd.ong\/ca\/#\/schema\/logo\/image\/","url":"https:\/\/abd.ong\/wp-content\/uploads\/2023\/01\/Icona.png","contentUrl":"https:\/\/abd.ong\/wp-content\/uploads\/2023\/01\/Icona.png","width":190,"height":187,"caption":"Associaci\u00f3 Benestar i Desenvolupament"},"image":{"@id":"https:\/\/abd.ong\/ca\/#\/schema\/logo\/image\/"},"sameAs":["https:\/\/www.facebook.com\/abd.ong","https:\/\/x.com\/abd_ong","https:\/\/www.instagram.com\/abd_ong\/","https:\/\/www.linkedin.com\/company\/abdong","https:\/\/www.youtube.com\/user\/CANALABD"]},{"@type":"Person","@id":"https:\/\/abd.ong\/ca\/#\/schema\/person\/1b9cf116597cda3a4b8900a43c641f6e","name":"M_Disseny"}]}},"_links":{"self":[{"href":"https:\/\/abd.ong\/ca\/wp-json\/wp\/v2\/posts\/10342","targetHints":{"allow":["GET"]}}],"collection":[{"href":"https:\/\/abd.ong\/ca\/wp-json\/wp\/v2\/posts"}],"about":[{"href":"https:\/\/abd.ong\/ca\/wp-json\/wp\/v2\/types\/post"}],"author":[{"embeddable":true,"href":"https:\/\/abd.ong\/ca\/wp-json\/wp\/v2\/users\/1"}],"replies":[{"embeddable":true,"href":"https:\/\/abd.ong\/ca\/wp-json\/wp\/v2\/comments?post=10342"}],"version-history":[{"count":2,"href":"https:\/\/abd.ong\/ca\/wp-json\/wp\/v2\/posts\/10342\/revisions"}],"predecessor-version":[{"id":20035,"href":"https:\/\/abd.ong\/ca\/wp-json\/wp\/v2\/posts\/10342\/revisions\/20035"}],"wp:featuredmedia":[{"embeddable":true,"href":"https:\/\/abd.ong\/ca\/wp-json\/wp\/v2\/media\/2471"}],"wp:attachment":[{"href":"https:\/\/abd.ong\/ca\/wp-json\/wp\/v2\/media?parent=10342"}],"wp:term":[{"taxonomy":"category","embeddable":true,"href":"https:\/\/abd.ong\/ca\/wp-json\/wp\/v2\/categories?post=10342"},{"taxonomy":"post_tag","embeddable":true,"href":"https:\/\/abd.ong\/ca\/wp-json\/wp\/v2\/tags?post=10342"}],"curies":[{"name":"wp","href":"https:\/\/api.w.org\/{rel}","templated":true}]}}