{"id":10318,"date":"2019-04-24T00:00:00","date_gmt":"2019-04-23T22:00:00","guid":{"rendered":"https:\/\/abd.ong\/sin-categorizar\/ple-dactivitats-a-abd-per-la-celebracio-del-sant-jordi\/"},"modified":"2021-02-17T19:53:10","modified_gmt":"2021-02-17T18:53:10","slug":"ple-dactivitats-a-abd-per-la-celebracio-del-sant-jordi","status":"publish","type":"post","link":"https:\/\/abd.ong\/ca\/general-ca\/ple-dactivitats-a-abd-per-la-celebracio-del-sant-jordi\/","title":{"rendered":"ABD celebra el Sant Jordi amb moltes activitats"},"content":{"rendered":"<p>Els serveis i projectes que gestiona l&#8217;<a href=\"https:\/\/abd.ong\"><strong>Associaci\u00f3 Benestar i Desenvolupament ABD<\/strong><\/a> van celebrar el dia de <strong>Sant Jordi, 23 d&#8217;abril<\/strong>, amb iniciatives molt diverses, com ara tallers de manualitats o recitals literaris. A continuaci\u00f3 en fem un resum:<\/p>\n<p>&nbsp;<\/p>\n<h4><strong>Resid\u00e8ncia i Centre de Dia Alta Ribagor\u00e7a<\/strong><\/h4>\n<p>Al centre de l&#8217;Alta Ribagor\u00e7a van haver de celebrar el Sant Jordi a les instal\u00b7lacions per culpa de la pluja. No obstant, van <strong>assajar lectures i poesies<\/strong>, i van rebre la visita de l&#8217;alcalde i del president del Consell Comarcal Josep Llu\u00eds, que van portar-los roses.<\/p>\n<p><a href=\"https:\/\/abd.ong\/blog\/wp-content\/uploads\/2019\/04\/IMG-20190423-WA0003.jpg\"><img fetchpriority=\"high\" decoding=\"async\" class=\"alignleft wp-image-4701\" src=\"https:\/\/abd.ong\/blog\/wp-content\/uploads\/2019\/04\/IMG-20190423-WA0003-275x300.jpg\" alt=\"\" width=\"300\" height=\"327\" \/><\/a> <a href=\"https:\/\/abd.ong\/blog\/wp-content\/uploads\/2019\/04\/IMG_20190423_162035.jpg\"><img decoding=\"async\" class=\"alignleft wp-image-4704\" src=\"https:\/\/abd.ong\/blog\/wp-content\/uploads\/2019\/04\/IMG_20190423_162035-267x300.jpg\" alt=\"\" width=\"291\" height=\"327\" \/><\/a><\/p>\n<p>&nbsp;<\/p>\n<p>&nbsp;<\/p>\n<p>&nbsp;<\/p>\n<p>&nbsp;<\/p>\n<p>&nbsp;<\/p>\n<p>&nbsp;<\/p>\n<p>&nbsp;<\/p>\n<p>&nbsp;<\/p>\n<p>&nbsp;<\/p>\n<p>&nbsp;<\/p>\n<p>&nbsp;<\/p>\n<p>&nbsp;<\/p>\n<h4><strong>Resid\u00e8ncia i Centre de Dia de Sant Pere Claver de Verd\u00fa<\/strong><\/h4>\n<p>Com cada any al dia de Sant Jordi el centre de Verd\u00fa <strong>va organitzar un taller de jardineria<\/strong>. Les setmanes pr\u00e8vies van estar elaborant als tallers de manualitats les roses i punts de llibre de Sant Jordi. Aquest any, degut a la pluja, no han pogut anar a veure les paredes de roses i llibres que organitzen l&#8217;escola Jard\u00ed de Verd\u00fa.<\/p>\n<p><a href=\"https:\/\/abd.ong\/blog\/wp-content\/uploads\/2019\/04\/IMG-20190417-WA0010.jpg\"><img decoding=\"async\" class=\"alignleft wp-image-4714\" src=\"https:\/\/abd.ong\/blog\/wp-content\/uploads\/2019\/04\/IMG-20190417-WA0010-300x208.jpg\" alt=\"\" width=\"346\" height=\"240\" \/><\/a> <a href=\"https:\/\/abd.ong\/blog\/wp-content\/uploads\/2019\/04\/IMG-20190417-WA0014.jpg\"><img loading=\"lazy\" decoding=\"async\" class=\"alignleft wp-image-4717\" src=\"https:\/\/abd.ong\/blog\/wp-content\/uploads\/2019\/04\/IMG-20190417-WA0014-300x186.jpg\" alt=\"\" width=\"387\" height=\"240\" \/><\/a><\/p>\n<p>&nbsp;<\/p>\n<p>&nbsp;<\/p>\n<p>&nbsp;<\/p>\n<p>&nbsp;<\/p>\n<p>&nbsp;<\/p>\n<p>&nbsp;<\/p>\n<p>&nbsp;<\/p>\n<p>&nbsp;<\/p>\n<p>&nbsp;<\/p>\n<h4><strong>Habitatges amb serveis per a persones grans de Reina Am\u00e0lia 1 i Reina Am\u00e0lia 2<\/strong><\/h4>\n<p>Als habitatges, a Barcelona, van poder organitzar una<strong> sortida a les Rambles<\/strong> per veure les parades de roses i llibres. Tamb\u00e9 van fer un taller de manualitats, en qu\u00e8 van crear uns punts de llibre que van regalar a cada pis.<\/p>\n<p><a href=\"https:\/\/abd.ong\/blog\/wp-content\/uploads\/2019\/04\/IMG_20190423_093908.jpg\"><img loading=\"lazy\" decoding=\"async\" class=\"alignleft wp-image-4724\" src=\"https:\/\/abd.ong\/blog\/wp-content\/uploads\/2019\/04\/IMG_20190423_093908-300x225.jpg\" alt=\"\" width=\"347\" height=\"260\" \/><\/a><\/p>\n<p><a href=\"https:\/\/abd.ong\/blog\/wp-content\/uploads\/2019\/04\/IMG_20190423_093811.jpg\"><img loading=\"lazy\" decoding=\"async\" class=\"wp-image-4721 alignleft\" src=\"https:\/\/abd.ong\/blog\/wp-content\/uploads\/2019\/04\/IMG_20190423_093811-300x225.jpg\" alt=\"\" width=\"347\" height=\"260\" \/><\/a><\/p>\n<p>&nbsp;<\/p>\n<p>&nbsp;<\/p>\n<p>&nbsp;<\/p>\n<p>&nbsp;<\/p>\n<p>&nbsp;<\/p>\n<p>&nbsp;<\/p>\n<p>&nbsp;<\/p>\n<p>&nbsp;<\/p>\n<p>&nbsp;<\/p>\n<h4><\/h4>\n<h4><strong>Habitatges amb serveis per a persones grans de Santa Caterina<\/strong><\/h4>\n<p>Als habitatges de Santa Caterina van fer una <strong>celebraci\u00f3 liter\u00e0ria<\/strong> on els ve\u00efns van llegir poemes i textos, alguns de propis. Tamb\u00e9 van organitzar un taller de manualitats en qu\u00e8 van fer roses de diversos materials.<\/p>\n<p><a href=\"https:\/\/abd.ong\/blog\/wp-content\/uploads\/2019\/04\/IMG_20190423_173045.jpg\"><img loading=\"lazy\" decoding=\"async\" class=\"alignleft wp-image-4736\" src=\"https:\/\/abd.ong\/blog\/wp-content\/uploads\/2019\/04\/IMG_20190423_173045-300x212.jpg\" alt=\"\" width=\"368\" height=\"260\" \/><\/a> <a href=\"https:\/\/abd.ong\/blog\/wp-content\/uploads\/2019\/04\/IMG_20190423_182922.jpg\"><img loading=\"lazy\" decoding=\"async\" class=\"alignleft wp-image-4739\" src=\"https:\/\/abd.ong\/blog\/wp-content\/uploads\/2019\/04\/IMG_20190423_182922-300x215.jpg\" alt=\"\" width=\"363\" height=\"260\" \/><\/a><\/p>\n<p>&nbsp;<\/p>\n<p>&nbsp;<\/p>\n<p>&nbsp;<\/p>\n<p>&nbsp;<\/p>\n<p>&nbsp;<\/p>\n<p>&nbsp;<\/p>\n<p>&nbsp;<\/p>\n<p>&nbsp;<\/p>\n<p>&nbsp;<\/p>\n<h4><\/h4>\n<h4><strong>Habitatges amb serveis per a persones grans Joan Torras<\/strong><\/h4>\n<p>Com cada Sant Jordi les dones del <strong>club de lectura dels Habitatges<\/strong> Joan Torras van organitzar un recital de poemes molt especial amb la participaci\u00f3 d&#8217;un dels ve\u00efns que va dibuixar les hist\u00f2ries i un m\u00fasic voluntari que va acompanyar amb una sintonia.<\/p>\n<p><a href=\"https:\/\/abd.ong\/blog\/wp-content\/uploads\/2019\/04\/D414HaGWAAAs0aJ.jpg\"><img loading=\"lazy\" decoding=\"async\" class=\"alignleft wp-image-4747\" src=\"https:\/\/abd.ong\/blog\/wp-content\/uploads\/2019\/04\/D414HaGWAAAs0aJ-300x225.jpg\" alt=\"\" width=\"346\" height=\"260\" \/><\/a> <a href=\"https:\/\/abd.ong\/blog\/wp-content\/uploads\/2019\/04\/D414MLzWkAAgPyd.jpg\"><img loading=\"lazy\" decoding=\"async\" class=\"alignleft wp-image-4750\" src=\"https:\/\/abd.ong\/blog\/wp-content\/uploads\/2019\/04\/D414MLzWkAAgPyd-300x192.jpg\" alt=\"\" width=\"406\" height=\"260\" \/><\/a><\/p>\n<p>&nbsp;<\/p>\n<p>&nbsp;<\/p>\n<p>&nbsp;<\/p>\n<p>&nbsp;<\/p>\n<p>&nbsp;<\/p>\n<p>&nbsp;<\/p>\n<p>&nbsp;<\/p>\n<p>&nbsp;<\/p>\n<p>&nbsp;<\/p>\n<h4><\/h4>\n<h4><strong>Habitatges amb serveis per a persones grans de Campo Sagrado<\/strong><\/h4>\n<p>Als habitatges de Campo Sagrado van celebrar el Sant Jordi <strong>projectant fotografies\u00a0antigues i actuals<\/strong> de totes les persones que han passat per l&#8217;equipament, &#8220;va ser una diada molt especial&#8221;.<\/p>\n<p><a href=\"https:\/\/abd.ong\/blog\/wp-content\/uploads\/2019\/04\/D41y2XyW4AQfpjK.jpg\"><img loading=\"lazy\" decoding=\"async\" class=\"alignleft wp-image-4754\" src=\"https:\/\/abd.ong\/blog\/wp-content\/uploads\/2019\/04\/D41y2XyW4AQfpjK-300x163.jpg\" alt=\"\" width=\"479\" height=\"260\" \/><\/a><\/p>\n<p>&nbsp;<\/p>\n<p>&nbsp;<\/p>\n<p>&nbsp;<\/p>\n<p>&nbsp;<\/p>\n<p>&nbsp;<\/p>\n<p>&nbsp;<\/p>\n<p>&nbsp;<\/p>\n<p>&nbsp;<\/p>\n<p>&nbsp;<\/p>\n<h3><strong>Altres activitats de Sant Jordi de l&#8217;entitat<\/strong><\/h3>\n<p>ABD va participar amb la <a href=\"http:\/\/totraval.org\/ca\"><strong>fundaci\u00f3 Tot Raval<\/strong> <\/a>a la Pla\u00e7a dels \u00c0ngels amb una parada amb productes fets a m\u00e0 per les persones usu\u00e0ries del CAS Baluard, el CAS de Sants, i els pisos CAMS i SOVA. <strong>Fermalls, anells, punts de llibre<\/strong>.\u00a0Els beneficis obtinguts serviran per organitzar una activitat especial a cada servei.<\/p>\n<p><a href=\"https:\/\/abd.ong\/blog\/wp-content\/uploads\/2019\/04\/SAM_3035.jpg\"><img loading=\"lazy\" decoding=\"async\" class=\"alignleft wp-image-4761\" src=\"https:\/\/abd.ong\/blog\/wp-content\/uploads\/2019\/04\/SAM_3035-300x200.jpg\" alt=\"\" width=\"405\" height=\"270\" \/><\/a><\/p>\n<p><a href=\"https:\/\/abd.ong\/blog\/wp-content\/uploads\/2019\/04\/aqui.jpg\"><img loading=\"lazy\" decoding=\"async\" class=\"alignleft wp-image-4769\" src=\"https:\/\/abd.ong\/blog\/wp-content\/uploads\/2019\/04\/aqui-300x212.jpg\" alt=\"\" width=\"382\" height=\"270\" \/><\/a><\/p>\n","protected":false},"excerpt":{"rendered":"<p>Els serveis i projectes que gestiona l&#8217;Associaci\u00f3 Benestar i Desenvolupament ABD van celebrar el dia de Sant Jordi, 23 d&#8217;abril, amb iniciatives molt diverses, com ara tallers de manualitats o&hellip;<\/p>\n","protected":false},"author":1,"featured_media":2282,"comment_status":"closed","ping_status":"closed","sticky":false,"template":"","format":"standard","meta":{"_acf_changed":false,"footnotes":""},"categories":[66],"tags":[119,431,694],"class_list":["post-10318","post","type-post","status-publish","format-standard","has-post-thumbnail","hentry","category-general-ca","tag-abd","tag-celebracio","tag-sant-jordi","ods-aliances-per-assolir-els-objectius","right-dret-a-la-llibertat-dexpressio","right-dret-a-la-participacio-ciutadana"],"acf":[],"yoast_head":"<!-- This site is optimized with the Yoast SEO plugin v27.4 - https:\/\/yoast.com\/product\/yoast-seo-wordpress\/ -->\n<title>ABD celebra el Sant Jordi amb moltes activitats - ABD<\/title>\n<meta name=\"description\" content=\"Els serveis i projectes que gestiona l&#039;Associaci\u00f3 Benestar i Desenvolupament ABD van celebrar el dia de Sant Jordi, 23 d&#039;abril, amb iniciatives molt\" \/>\n<meta name=\"robots\" content=\"index, follow, max-snippet:-1, max-image-preview:large, max-video-preview:-1\" \/>\n<link rel=\"canonical\" href=\"https:\/\/abd.ong\/ca\/general-ca\/ple-dactivitats-a-abd-per-la-celebracio-del-sant-jordi\/\" \/>\n<meta property=\"og:locale\" content=\"ca_ES\" \/>\n<meta property=\"og:type\" content=\"article\" \/>\n<meta property=\"og:title\" content=\"ABD celebra el Sant Jordi amb moltes activitats - ABD\" \/>\n<meta property=\"og:description\" content=\"Els serveis i projectes que gestiona l&#039;Associaci\u00f3 Benestar i Desenvolupament ABD van celebrar el dia de Sant Jordi, 23 d&#039;abril, amb iniciatives molt\" \/>\n<meta property=\"og:url\" content=\"https:\/\/abd.ong\/ca\/general-ca\/ple-dactivitats-a-abd-per-la-celebracio-del-sant-jordi\/\" \/>\n<meta property=\"og:site_name\" content=\"ABD\" \/>\n<meta property=\"article:publisher\" content=\"https:\/\/www.facebook.com\/abd.ong\" \/>\n<meta property=\"article:published_time\" content=\"2019-04-23T22:00:00+00:00\" \/>\n<meta property=\"article:modified_time\" content=\"2021-02-17T18:53:10+00:00\" \/>\n<meta property=\"og:image\" content=\"https:\/\/abd.ong\/wp-content\/uploads\/1970\/01\/SAM_3040-1.jpg\" \/>\n\t<meta property=\"og:image:width\" content=\"2048\" \/>\n\t<meta property=\"og:image:height\" content=\"1126\" \/>\n\t<meta property=\"og:image:type\" content=\"image\/jpeg\" \/>\n<meta name=\"author\" content=\"M_Disseny\" \/>\n<meta name=\"twitter:card\" content=\"summary_large_image\" \/>\n<meta name=\"twitter:creator\" content=\"@abd_ong\" \/>\n<meta name=\"twitter:site\" content=\"@abd_ong\" \/>\n<meta name=\"twitter:label1\" content=\"Escrit per\" \/>\n\t<meta name=\"twitter:data1\" content=\"M_Disseny\" \/>\n\t<meta name=\"twitter:label2\" content=\"Temps estimat de lectura\" \/>\n\t<meta name=\"twitter:data2\" content=\"2 minuts\" \/>\n<script type=\"application\/ld+json\" class=\"yoast-schema-graph\">{\"@context\":\"https:\\\/\\\/schema.org\",\"@graph\":[{\"@type\":\"Article\",\"@id\":\"https:\\\/\\\/abd.ong\\\/ca\\\/general-ca\\\/ple-dactivitats-a-abd-per-la-celebracio-del-sant-jordi\\\/#article\",\"isPartOf\":{\"@id\":\"https:\\\/\\\/abd.ong\\\/ca\\\/general-ca\\\/ple-dactivitats-a-abd-per-la-celebracio-del-sant-jordi\\\/\"},\"author\":{\"name\":\"M_Disseny\",\"@id\":\"https:\\\/\\\/abd.ong\\\/ca\\\/#\\\/schema\\\/person\\\/1b9cf116597cda3a4b8900a43c641f6e\"},\"headline\":\"ABD celebra el Sant Jordi amb moltes activitats\",\"datePublished\":\"2019-04-23T22:00:00+00:00\",\"dateModified\":\"2021-02-17T18:53:10+00:00\",\"mainEntityOfPage\":{\"@id\":\"https:\\\/\\\/abd.ong\\\/ca\\\/general-ca\\\/ple-dactivitats-a-abd-per-la-celebracio-del-sant-jordi\\\/\"},\"wordCount\":506,\"publisher\":{\"@id\":\"https:\\\/\\\/abd.ong\\\/ca\\\/#organization\"},\"image\":{\"@id\":\"https:\\\/\\\/abd.ong\\\/ca\\\/general-ca\\\/ple-dactivitats-a-abd-per-la-celebracio-del-sant-jordi\\\/#primaryimage\"},\"thumbnailUrl\":\"https:\\\/\\\/abd.ong\\\/wp-content\\\/uploads\\\/1970\\\/01\\\/SAM_3040-1.jpg\",\"keywords\":[\"ABD\",\"celebraci\u00f3\",\"Sant Jordi\"],\"articleSection\":[\"General\"],\"inLanguage\":\"ca\"},{\"@type\":\"WebPage\",\"@id\":\"https:\\\/\\\/abd.ong\\\/ca\\\/general-ca\\\/ple-dactivitats-a-abd-per-la-celebracio-del-sant-jordi\\\/\",\"url\":\"https:\\\/\\\/abd.ong\\\/ca\\\/general-ca\\\/ple-dactivitats-a-abd-per-la-celebracio-del-sant-jordi\\\/\",\"name\":\"ABD celebra el Sant Jordi amb moltes activitats - ABD\",\"isPartOf\":{\"@id\":\"https:\\\/\\\/abd.ong\\\/ca\\\/#website\"},\"primaryImageOfPage\":{\"@id\":\"https:\\\/\\\/abd.ong\\\/ca\\\/general-ca\\\/ple-dactivitats-a-abd-per-la-celebracio-del-sant-jordi\\\/#primaryimage\"},\"image\":{\"@id\":\"https:\\\/\\\/abd.ong\\\/ca\\\/general-ca\\\/ple-dactivitats-a-abd-per-la-celebracio-del-sant-jordi\\\/#primaryimage\"},\"thumbnailUrl\":\"https:\\\/\\\/abd.ong\\\/wp-content\\\/uploads\\\/1970\\\/01\\\/SAM_3040-1.jpg\",\"datePublished\":\"2019-04-23T22:00:00+00:00\",\"dateModified\":\"2021-02-17T18:53:10+00:00\",\"description\":\"Els serveis i projectes que gestiona l'Associaci\u00f3 Benestar i Desenvolupament ABD van celebrar el dia de Sant Jordi, 23 d'abril, amb iniciatives molt\",\"breadcrumb\":{\"@id\":\"https:\\\/\\\/abd.ong\\\/ca\\\/general-ca\\\/ple-dactivitats-a-abd-per-la-celebracio-del-sant-jordi\\\/#breadcrumb\"},\"inLanguage\":\"ca\",\"potentialAction\":[{\"@type\":\"ReadAction\",\"target\":[\"https:\\\/\\\/abd.ong\\\/ca\\\/general-ca\\\/ple-dactivitats-a-abd-per-la-celebracio-del-sant-jordi\\\/\"]}]},{\"@type\":\"ImageObject\",\"inLanguage\":\"ca\",\"@id\":\"https:\\\/\\\/abd.ong\\\/ca\\\/general-ca\\\/ple-dactivitats-a-abd-per-la-celebracio-del-sant-jordi\\\/#primaryimage\",\"url\":\"https:\\\/\\\/abd.ong\\\/wp-content\\\/uploads\\\/1970\\\/01\\\/SAM_3040-1.jpg\",\"contentUrl\":\"https:\\\/\\\/abd.ong\\\/wp-content\\\/uploads\\\/1970\\\/01\\\/SAM_3040-1.jpg\",\"width\":2048,\"height\":1126},{\"@type\":\"BreadcrumbList\",\"@id\":\"https:\\\/\\\/abd.ong\\\/ca\\\/general-ca\\\/ple-dactivitats-a-abd-per-la-celebracio-del-sant-jordi\\\/#breadcrumb\",\"itemListElement\":[{\"@type\":\"ListItem\",\"position\":1,\"name\":\"Inici\",\"item\":\"https:\\\/\\\/abd.ong\\\/ca\\\/\"},{\"@type\":\"ListItem\",\"position\":2,\"name\":\"ABD celebra el Sant Jordi amb moltes activitats\"}]},{\"@type\":\"WebSite\",\"@id\":\"https:\\\/\\\/abd.ong\\\/ca\\\/#website\",\"url\":\"https:\\\/\\\/abd.ong\\\/ca\\\/\",\"name\":\"ABD\",\"description\":\"Asociaci\u00f3n Bienestar y Desarrollo\",\"publisher\":{\"@id\":\"https:\\\/\\\/abd.ong\\\/ca\\\/#organization\"},\"potentialAction\":[{\"@type\":\"SearchAction\",\"target\":{\"@type\":\"EntryPoint\",\"urlTemplate\":\"https:\\\/\\\/abd.ong\\\/ca\\\/?s={search_term_string}\"},\"query-input\":{\"@type\":\"PropertyValueSpecification\",\"valueRequired\":true,\"valueName\":\"search_term_string\"}}],\"inLanguage\":\"ca\"},{\"@type\":\"Organization\",\"@id\":\"https:\\\/\\\/abd.ong\\\/ca\\\/#organization\",\"name\":\"Associaci\u00f3 Benestar i Desenvolupament\",\"alternateName\":\"ABD\",\"url\":\"https:\\\/\\\/abd.ong\\\/ca\\\/\",\"logo\":{\"@type\":\"ImageObject\",\"inLanguage\":\"ca\",\"@id\":\"https:\\\/\\\/abd.ong\\\/ca\\\/#\\\/schema\\\/logo\\\/image\\\/\",\"url\":\"https:\\\/\\\/abd.ong\\\/wp-content\\\/uploads\\\/2023\\\/01\\\/Icona.png\",\"contentUrl\":\"https:\\\/\\\/abd.ong\\\/wp-content\\\/uploads\\\/2023\\\/01\\\/Icona.png\",\"width\":190,\"height\":187,\"caption\":\"Associaci\u00f3 Benestar i Desenvolupament\"},\"image\":{\"@id\":\"https:\\\/\\\/abd.ong\\\/ca\\\/#\\\/schema\\\/logo\\\/image\\\/\"},\"sameAs\":[\"https:\\\/\\\/www.facebook.com\\\/abd.ong\",\"https:\\\/\\\/x.com\\\/abd_ong\",\"https:\\\/\\\/www.instagram.com\\\/abd_ong\\\/\",\"https:\\\/\\\/www.linkedin.com\\\/company\\\/abdong\",\"https:\\\/\\\/www.youtube.com\\\/user\\\/CANALABD\"]},{\"@type\":\"Person\",\"@id\":\"https:\\\/\\\/abd.ong\\\/ca\\\/#\\\/schema\\\/person\\\/1b9cf116597cda3a4b8900a43c641f6e\",\"name\":\"M_Disseny\"}]}<\/script>\n<!-- \/ Yoast SEO plugin. -->","yoast_head_json":{"title":"ABD celebra el Sant Jordi amb moltes activitats - ABD","description":"Els serveis i projectes que gestiona l'Associaci\u00f3 Benestar i Desenvolupament ABD van celebrar el dia de Sant Jordi, 23 d'abril, amb iniciatives molt","robots":{"index":"index","follow":"follow","max-snippet":"max-snippet:-1","max-image-preview":"max-image-preview:large","max-video-preview":"max-video-preview:-1"},"canonical":"https:\/\/abd.ong\/ca\/general-ca\/ple-dactivitats-a-abd-per-la-celebracio-del-sant-jordi\/","og_locale":"ca_ES","og_type":"article","og_title":"ABD celebra el Sant Jordi amb moltes activitats - ABD","og_description":"Els serveis i projectes que gestiona l'Associaci\u00f3 Benestar i Desenvolupament ABD van celebrar el dia de Sant Jordi, 23 d'abril, amb iniciatives molt","og_url":"https:\/\/abd.ong\/ca\/general-ca\/ple-dactivitats-a-abd-per-la-celebracio-del-sant-jordi\/","og_site_name":"ABD","article_publisher":"https:\/\/www.facebook.com\/abd.ong","article_published_time":"2019-04-23T22:00:00+00:00","article_modified_time":"2021-02-17T18:53:10+00:00","og_image":[{"width":2048,"height":1126,"url":"https:\/\/abd.ong\/wp-content\/uploads\/1970\/01\/SAM_3040-1.jpg","type":"image\/jpeg"}],"author":"M_Disseny","twitter_card":"summary_large_image","twitter_creator":"@abd_ong","twitter_site":"@abd_ong","twitter_misc":{"Escrit per":"M_Disseny","Temps estimat de lectura":"2 minuts"},"schema":{"@context":"https:\/\/schema.org","@graph":[{"@type":"Article","@id":"https:\/\/abd.ong\/ca\/general-ca\/ple-dactivitats-a-abd-per-la-celebracio-del-sant-jordi\/#article","isPartOf":{"@id":"https:\/\/abd.ong\/ca\/general-ca\/ple-dactivitats-a-abd-per-la-celebracio-del-sant-jordi\/"},"author":{"name":"M_Disseny","@id":"https:\/\/abd.ong\/ca\/#\/schema\/person\/1b9cf116597cda3a4b8900a43c641f6e"},"headline":"ABD celebra el Sant Jordi amb moltes activitats","datePublished":"2019-04-23T22:00:00+00:00","dateModified":"2021-02-17T18:53:10+00:00","mainEntityOfPage":{"@id":"https:\/\/abd.ong\/ca\/general-ca\/ple-dactivitats-a-abd-per-la-celebracio-del-sant-jordi\/"},"wordCount":506,"publisher":{"@id":"https:\/\/abd.ong\/ca\/#organization"},"image":{"@id":"https:\/\/abd.ong\/ca\/general-ca\/ple-dactivitats-a-abd-per-la-celebracio-del-sant-jordi\/#primaryimage"},"thumbnailUrl":"https:\/\/abd.ong\/wp-content\/uploads\/1970\/01\/SAM_3040-1.jpg","keywords":["ABD","celebraci\u00f3","Sant Jordi"],"articleSection":["General"],"inLanguage":"ca"},{"@type":"WebPage","@id":"https:\/\/abd.ong\/ca\/general-ca\/ple-dactivitats-a-abd-per-la-celebracio-del-sant-jordi\/","url":"https:\/\/abd.ong\/ca\/general-ca\/ple-dactivitats-a-abd-per-la-celebracio-del-sant-jordi\/","name":"ABD celebra el Sant Jordi amb moltes activitats - ABD","isPartOf":{"@id":"https:\/\/abd.ong\/ca\/#website"},"primaryImageOfPage":{"@id":"https:\/\/abd.ong\/ca\/general-ca\/ple-dactivitats-a-abd-per-la-celebracio-del-sant-jordi\/#primaryimage"},"image":{"@id":"https:\/\/abd.ong\/ca\/general-ca\/ple-dactivitats-a-abd-per-la-celebracio-del-sant-jordi\/#primaryimage"},"thumbnailUrl":"https:\/\/abd.ong\/wp-content\/uploads\/1970\/01\/SAM_3040-1.jpg","datePublished":"2019-04-23T22:00:00+00:00","dateModified":"2021-02-17T18:53:10+00:00","description":"Els serveis i projectes que gestiona l'Associaci\u00f3 Benestar i Desenvolupament ABD van celebrar el dia de Sant Jordi, 23 d'abril, amb iniciatives molt","breadcrumb":{"@id":"https:\/\/abd.ong\/ca\/general-ca\/ple-dactivitats-a-abd-per-la-celebracio-del-sant-jordi\/#breadcrumb"},"inLanguage":"ca","potentialAction":[{"@type":"ReadAction","target":["https:\/\/abd.ong\/ca\/general-ca\/ple-dactivitats-a-abd-per-la-celebracio-del-sant-jordi\/"]}]},{"@type":"ImageObject","inLanguage":"ca","@id":"https:\/\/abd.ong\/ca\/general-ca\/ple-dactivitats-a-abd-per-la-celebracio-del-sant-jordi\/#primaryimage","url":"https:\/\/abd.ong\/wp-content\/uploads\/1970\/01\/SAM_3040-1.jpg","contentUrl":"https:\/\/abd.ong\/wp-content\/uploads\/1970\/01\/SAM_3040-1.jpg","width":2048,"height":1126},{"@type":"BreadcrumbList","@id":"https:\/\/abd.ong\/ca\/general-ca\/ple-dactivitats-a-abd-per-la-celebracio-del-sant-jordi\/#breadcrumb","itemListElement":[{"@type":"ListItem","position":1,"name":"Inici","item":"https:\/\/abd.ong\/ca\/"},{"@type":"ListItem","position":2,"name":"ABD celebra el Sant Jordi amb moltes activitats"}]},{"@type":"WebSite","@id":"https:\/\/abd.ong\/ca\/#website","url":"https:\/\/abd.ong\/ca\/","name":"ABD","description":"Asociaci\u00f3n Bienestar y Desarrollo","publisher":{"@id":"https:\/\/abd.ong\/ca\/#organization"},"potentialAction":[{"@type":"SearchAction","target":{"@type":"EntryPoint","urlTemplate":"https:\/\/abd.ong\/ca\/?s={search_term_string}"},"query-input":{"@type":"PropertyValueSpecification","valueRequired":true,"valueName":"search_term_string"}}],"inLanguage":"ca"},{"@type":"Organization","@id":"https:\/\/abd.ong\/ca\/#organization","name":"Associaci\u00f3 Benestar i Desenvolupament","alternateName":"ABD","url":"https:\/\/abd.ong\/ca\/","logo":{"@type":"ImageObject","inLanguage":"ca","@id":"https:\/\/abd.ong\/ca\/#\/schema\/logo\/image\/","url":"https:\/\/abd.ong\/wp-content\/uploads\/2023\/01\/Icona.png","contentUrl":"https:\/\/abd.ong\/wp-content\/uploads\/2023\/01\/Icona.png","width":190,"height":187,"caption":"Associaci\u00f3 Benestar i Desenvolupament"},"image":{"@id":"https:\/\/abd.ong\/ca\/#\/schema\/logo\/image\/"},"sameAs":["https:\/\/www.facebook.com\/abd.ong","https:\/\/x.com\/abd_ong","https:\/\/www.instagram.com\/abd_ong\/","https:\/\/www.linkedin.com\/company\/abdong","https:\/\/www.youtube.com\/user\/CANALABD"]},{"@type":"Person","@id":"https:\/\/abd.ong\/ca\/#\/schema\/person\/1b9cf116597cda3a4b8900a43c641f6e","name":"M_Disseny"}]}},"_links":{"self":[{"href":"https:\/\/abd.ong\/ca\/wp-json\/wp\/v2\/posts\/10318","targetHints":{"allow":["GET"]}}],"collection":[{"href":"https:\/\/abd.ong\/ca\/wp-json\/wp\/v2\/posts"}],"about":[{"href":"https:\/\/abd.ong\/ca\/wp-json\/wp\/v2\/types\/post"}],"author":[{"embeddable":true,"href":"https:\/\/abd.ong\/ca\/wp-json\/wp\/v2\/users\/1"}],"replies":[{"embeddable":true,"href":"https:\/\/abd.ong\/ca\/wp-json\/wp\/v2\/comments?post=10318"}],"version-history":[{"count":3,"href":"https:\/\/abd.ong\/ca\/wp-json\/wp\/v2\/posts\/10318\/revisions"}],"predecessor-version":[{"id":20562,"href":"https:\/\/abd.ong\/ca\/wp-json\/wp\/v2\/posts\/10318\/revisions\/20562"}],"wp:featuredmedia":[{"embeddable":true,"href":"https:\/\/abd.ong\/ca\/wp-json\/wp\/v2\/media\/2282"}],"wp:attachment":[{"href":"https:\/\/abd.ong\/ca\/wp-json\/wp\/v2\/media?parent=10318"}],"wp:term":[{"taxonomy":"category","embeddable":true,"href":"https:\/\/abd.ong\/ca\/wp-json\/wp\/v2\/categories?post=10318"},{"taxonomy":"post_tag","embeddable":true,"href":"https:\/\/abd.ong\/ca\/wp-json\/wp\/v2\/tags?post=10318"}],"curies":[{"name":"wp","href":"https:\/\/api.w.org\/{rel}","templated":true}]}}