{"id":10245,"date":"2019-02-19T00:00:00","date_gmt":"2019-02-18T23:00:00","guid":{"rendered":"https:\/\/abd.ong\/sin-categorizar\/angels-guiteras-reivindica-al-parlament-de-catalunya-que-els-serveis-datencio-a-les-persones-preferentment-els-gestionin-entitats-diniciativa-social-amb-re\/"},"modified":"2021-02-17T18:51:56","modified_gmt":"2021-02-17T17:51:56","slug":"angels-guiteras-reivindica-al-parlament-de-catalunya-que-els-serveis-datencio-a-les-persones-preferentment-els-gestionin-entitats-diniciativa-social-amb-re","status":"publish","type":"post","link":"https:\/\/abd.ong\/ca\/general-ca\/angels-guiteras-reivindica-al-parlament-de-catalunya-que-els-serveis-datencio-a-les-persones-preferentment-els-gestionin-entitats-diniciativa-social-amb-re\/","title":{"rendered":"\u00c0ngels Guiteras reivindica al Parlament de Catalunya que els serveis d\u2019atenci\u00f3 a les persones \u201cpreferentment\u201d els gestionin entitats \u201cd\u2019iniciativa social amb reconeguda solv\u00e8ncia social, t\u00e8cnica i econ\u00f2mica\u201d"},"content":{"rendered":"<p>La gerent de l\u2019<a href=\"https:\/\/abd.ong\/ca\/abd\/\">Associaci\u00f3 Benestar i Desenvolupament<\/a> ABD, <strong>\u00c0ngels Guiteras<\/strong>, ha reivindicat al<a href=\"https:\/\/www.parlament.cat\/web\/index.html\"> Parlament de Catalunya<\/a> que la futura llei de contractes de serveis a les persones estableixi que aquests serveis \u201cpreferentment\u201d els gestionin entitats \u201cd\u2019iniciativa social amb reconeguda solv\u00e8ncia social, t\u00e8cnica i econ\u00f2mica\u201d.<\/p>\n<p>Aquesta ha estat una de les quatre demandes que ha fet aquest dilluns la dirigent d\u2019ABD durant la seva compareixen\u00e7a davant de la <a href=\"https:\/\/www.parlament.cat\/web\/activitat-parlamentaria\/siap\/index.html?STRUTSANCHOR1=detallExpedient.do&amp;ad=1&amp;criteri=353-00053\/12\">Comissi\u00f3 d\u2019Economia i Hisenda<\/a> de la cambra legislativa catalana, la qual treballa en la tramitaci\u00f3 del <a href=\"https:\/\/www.parlament.cat\/web\/activitat-parlamentaria\/iniciatives-legislatives\/antecedents-llei\/index.html?p_id=270311110&amp;format_contingut=D&amp;hr_contingut=PC_EXP_PROJECTES_LLEI\">Projecte de llei de contractes de serveis a les persones<\/a>. En concret, i tamb\u00e9 amb relaci\u00f3 a la prefer\u00e8ncia per a la gesti\u00f3 d\u2019aquests serveis per part d\u2019organitzacions socials,<strong> Guiteras<\/strong> ha assenyalat que cal <strong>&#8220;frenar el mercat social d\u2019empreses tipus Ibex 35 i tamb\u00e9 els monopolis de la mateixa Administraci\u00f3 P\u00fablica, qu\u00e8 a vegades confon externalitzaci\u00f3 amb privatitzaci\u00f3 d\u2019all\u00f2 p\u00fablic\u201d<\/strong>.<\/p>\n<p>La gerent d\u2019ABD tamb\u00e9 ha reclamat als parlamentaris que aprofitin el marc de la Directiva europea, 2014\/24 i facin \u00fas de les compet\u00e8ncies pr\u00f2pies de Catalunya perqu\u00e8 \u201csigui una Llei que ens identifiqui\u201d. En aquest sentit, ha remarcat que cal que tingui en compte que <strong>\u201ca Catalunya tenim un teixit associatiu molt ric i plural i un tercer sector social, associacions, fundacions, cooperatives d\u2019iniciativa social, que hem estat i estem fent la prestaci\u00f3 d\u2019aquests serveis i aportant el nostre valor afegit, innovant i posant en marxa molts d\u2019aquest serveis abans que l\u2019administraci\u00f3 per tal de donar resposta a les necessitats de les persones\u201d<\/strong>.<\/p>\n<p>&nbsp;<\/p>\n<h3><strong>CONCERTACI\u00d3 DE SERVEIS<\/strong><\/h3>\n<p><strong>\u00c0ngels Guiteras<\/strong> ha formulat dues peticions m\u00e9s als parlamentaris. D\u2019una banda, que <strong>sempre que sigui possible es tingui en compte la f\u00f3rmula de la concertaci\u00f3 dels serveis<\/strong>. D\u2019aquesta manera, es possibilita la continu\u00eftat i la prestaci\u00f3 regular del servei sense interrupcions\u201d. I d\u2019altra banda, \u00a0que en els casos de concursos, es reconegui la solv\u00e8ncia social de les entitats amb iniciativa social. \u00c9s a dir, que el sistema estableixi un preu fix, no susceptible de baixa econ\u00f2mica i que el sistema d\u2019atorgament de la puntuaci\u00f3 de la proposta t\u00e8cnica i econ\u00f2mica sigui equivalent, de manera que si la m\u00e0xima puntuaci\u00f3 \u00e9s per l\u2019oferta econ\u00f2mica m\u00e9s baixa, la millor oferta t\u00e8cnica tingui tamb\u00e9 la m\u00e0xima puntuaci\u00f3. Finalment,<strong> Guiteras<\/strong> tamb\u00e9 ha reclamat que <strong>s\u2019elimini la discriminaci\u00f3 amb relaci\u00f3 a la facturaci\u00f3 de l\u2019IVA<\/strong>. M\u00e9s concretament, la representant de l\u2019Associaci\u00f3 Benestar i Desenvolupament ha demanat que en cas de conc\u00f3rrer licitadors que facturin amb IVA i altres exempts d\u2019aquest impost, es valori el preu amb la taxa inclosa. \u00a0En aquest sentit, ha recordat que les entitats exemptes d\u2019IVA, igual que l\u2019Administraci\u00f3, \u201csuportem l\u2019IVA per\u00f2 no ens el podem recuperar, fet que es discriminatori ja que fa que s\u2019estigui disposat a pagar per un mateix servei m\u00e9s diners a qui factura amb IVA\u201d.<\/p>\n<p>&nbsp;<\/p>\n<p><a href=\"https:\/\/abd.ong\/blog\/wp-content\/uploads\/2019\/02\/SAM_2801-e1550576415360.jpg\"><img fetchpriority=\"high\" decoding=\"async\" class=\"aligncenter size-medium wp-image-3810\" src=\"https:\/\/abd.ong\/blog\/wp-content\/uploads\/2019\/02\/SAM_2801-300x200.jpg\" alt=\"\" width=\"300\" height=\"200\" \/><\/a><\/p>\n<p>&nbsp;<\/p>\n<p>Pr\u00e8viament a les citades reivindicacions, la gerent d\u2019ABD s\u2019ha referit a la realitat dels serveis d\u2019atenci\u00f3 a les persones a Catalunya i, en especial, als \u201cefectes perversos dels concursos\u201d. Aix\u00ed, despr\u00e9s de recordar que <strong>\u201cels serveis socials fa molts anys que estem subjectes als concursos\u201d<\/strong> (a difer\u00e8ncia dels serveis de salut i d\u2019educaci\u00f3 que porten anys concertats o amb conveni), Guiteras ha estat molt eloq\u00fcent al definir aquest treball com el dels \u2018picapedrers\u2019: <strong>\u201cEs un pica pedra diari. Diferents administracions, diferents departaments, les hem viscut de tots colors. Piquem pedra i quan aconseguim tenir l\u2019escultura acabada que respon al que tots vol\u00edem (administraci\u00f3, entitat, usuaris) ve el concurs i et prenen l\u2019escultura\u201d<\/strong>.<\/p>\n<p>&nbsp;<\/p>\n<h3><strong>LA HIST\u00d2RIA D\u2019ABD<\/strong><\/h3>\n<p>Durant la seva compareixen\u00e7a, <strong>\u00c0ngels Guiteras<\/strong> tamb\u00e9 ha fet un petit rep\u00e0s de la hist\u00f2ria de l\u2019entitat, que ha recordat, t\u00e9 el seu origen als inicis de la democr\u00e0cia: <strong>\u201cNaixem juntament amb els serveis socials. Iniciem amb programes de drogodepend\u00e8ncies i avui dia som una entitat transversal que atenem a les persones en qualsevol situaci\u00f3 de vulnerabilitat i al llarg del cercle vital\u201d.<\/strong> Durant m\u00e9s de 30 anys s\u2019han gestionat serveis relacionats amb drogodepend\u00e8ncies, salut mental, inclusi\u00f3 i pobresa, viol\u00e8ncia familiar, inserci\u00f3 laboral, pobresa energ\u00e8tica, migraci\u00f3, persones grans, discapacitat i atenci\u00f3 domicili\u00e0ria, \u00a0arribant a tenir una plantilla laboral de prop de 4.000 professionals, i qu\u00e8 en l\u2019actualitat, integra 1000 treballadors\/es i al voltant de 500 persones volunt\u00e0ries.<strong> \u201cUna entitat modular i flexible, amb reconegut prestigi internacional i un clar exemple dels vaivens de la relaci\u00f3 contractual i de la cooperaci\u00f3 p\u00fablic-privada\u201d<\/strong>, ha concl\u00f2s.<\/p>\n<p>Destacar tamb\u00e9 que a la compareixen\u00e7a tamb\u00e9 hi han assistit la presidenta i directora t\u00e8cnica d\u2019ABD, <strong>Felisa P\u00e9rez<\/strong>, i l\u2019adjunta a la ger\u00e8ncia i directora de la Unitat Operativa Sociosanit\u00e0ria d\u2019ABD, <strong>Pilar Rodr\u00edguez<\/strong>.<\/p>\n<p>Aqu\u00ed sota pots veure tota la compareixen\u00e7a.<\/p>\n<p>&nbsp;<\/p>\n<p><iframe title=\"Compareixen\u00e7a \u00c0ngels Guiteras al Parlament de Catalunya\" width=\"500\" height=\"281\" src=\"https:\/\/www.youtube.com\/embed\/YpTGelcHUtk?feature=oembed\" frameborder=\"0\" allow=\"accelerometer; autoplay; clipboard-write; encrypted-media; gyroscope; picture-in-picture; web-share\" referrerpolicy=\"strict-origin-when-cross-origin\" allowfullscreen><\/iframe><\/p>\n<p>&nbsp;<\/p>\n<p>&nbsp;<\/p>\n<p>&nbsp;<\/p>\n","protected":false},"excerpt":{"rendered":"<p>La gerent de l\u2019Associaci\u00f3 Benestar i Desenvolupament ABD, \u00c0ngels Guiteras, ha reivindicat al Parlament de Catalunya que la futura llei de contractes de serveis a les persones estableixi que aquests&hellip;<\/p>\n","protected":false},"author":1,"featured_media":1912,"comment_status":"closed","ping_status":"closed","sticky":false,"template":"","format":"standard","meta":{"_acf_changed":false,"footnotes":""},"categories":[66],"tags":[119,548,545,550,546,322],"class_list":["post-10245","post","type-post","status-publish","format-standard","has-post-thumbnail","hentry","category-general-ca","tag-abd","tag-comissio-deconomia-i-hisenda","tag-compareixenca-parlament-de-catalunya","tag-concertacio-de-serveis","tag-projecte-de-llei-de-contractes-de-serveis-a-les-persones","tag-serveis-socials","ods-aliances-per-assolir-els-objectius","ods-reduccio-de-les-desigualtats","right-dret-a-la-llibertat-dexpressio","right-dret-a-la-participacio-ciutadana","right-dret-a-la-seguretat-vital"],"acf":[],"yoast_head":"<!-- This site is optimized with the Yoast SEO plugin v27.4 - https:\/\/yoast.com\/product\/yoast-seo-wordpress\/ -->\n<title>\u00c0ngels Guiteras reivindica al Parlament de Catalunya que els serveis d\u2019atenci\u00f3 a les persones \u201cpreferentment\u201d els gestionin entitats \u201cd\u2019iniciativa social amb reconeguda solv\u00e8ncia social, t\u00e8cnica i econ\u00f2mica\u201d - ABD<\/title>\n<meta name=\"description\" content=\"La gerent de l\u2019Associaci\u00f3 Benestar i Desenvolupament ABD, \u00c0ngels Guiteras, ha reivindicat al Parlament de Catalunya que la futura llei de contractes de\" \/>\n<meta name=\"robots\" content=\"index, follow, max-snippet:-1, max-image-preview:large, max-video-preview:-1\" \/>\n<link rel=\"canonical\" href=\"https:\/\/abd.ong\/ca\/general-ca\/angels-guiteras-reivindica-al-parlament-de-catalunya-que-els-serveis-datencio-a-les-persones-preferentment-els-gestionin-entitats-diniciativa-social-amb-re\/\" \/>\n<meta property=\"og:locale\" content=\"ca_ES\" \/>\n<meta property=\"og:type\" content=\"article\" \/>\n<meta property=\"og:title\" content=\"\u00c0ngels Guiteras reivindica al Parlament de Catalunya que els serveis d\u2019atenci\u00f3 a les persones \u201cpreferentment\u201d els gestionin entitats \u201cd\u2019iniciativa social amb reconeguda solv\u00e8ncia social, t\u00e8cnica i econ\u00f2mica\u201d - ABD\" \/>\n<meta property=\"og:description\" content=\"La gerent de l\u2019Associaci\u00f3 Benestar i Desenvolupament ABD, \u00c0ngels Guiteras, ha reivindicat al Parlament de Catalunya que la futura llei de contractes de\" \/>\n<meta property=\"og:url\" content=\"https:\/\/abd.ong\/ca\/general-ca\/angels-guiteras-reivindica-al-parlament-de-catalunya-que-els-serveis-datencio-a-les-persones-preferentment-els-gestionin-entitats-diniciativa-social-amb-re\/\" \/>\n<meta property=\"og:site_name\" content=\"ABD\" \/>\n<meta property=\"article:publisher\" content=\"https:\/\/www.facebook.com\/abd.ong\" \/>\n<meta property=\"article:published_time\" content=\"2019-02-18T23:00:00+00:00\" \/>\n<meta property=\"article:modified_time\" content=\"2021-02-17T17:51:56+00:00\" \/>\n<meta property=\"og:image\" content=\"https:\/\/abd.ong\/wp-content\/uploads\/1970\/01\/SAM_2804-e1550576312531.jpg\" \/>\n\t<meta property=\"og:image:width\" content=\"800\" \/>\n\t<meta property=\"og:image:height\" content=\"533\" \/>\n\t<meta property=\"og:image:type\" content=\"image\/jpeg\" \/>\n<meta name=\"author\" content=\"M_Disseny\" \/>\n<meta name=\"twitter:card\" content=\"summary_large_image\" \/>\n<meta name=\"twitter:creator\" content=\"@abd_ong\" \/>\n<meta name=\"twitter:site\" content=\"@abd_ong\" \/>\n<meta name=\"twitter:label1\" content=\"Escrit per\" \/>\n\t<meta name=\"twitter:data1\" content=\"M_Disseny\" \/>\n\t<meta name=\"twitter:label2\" content=\"Temps estimat de lectura\" \/>\n\t<meta name=\"twitter:data2\" content=\"4 minuts\" \/>\n<script type=\"application\/ld+json\" class=\"yoast-schema-graph\">{\"@context\":\"https:\\\/\\\/schema.org\",\"@graph\":[{\"@type\":\"Article\",\"@id\":\"https:\\\/\\\/abd.ong\\\/ca\\\/general-ca\\\/angels-guiteras-reivindica-al-parlament-de-catalunya-que-els-serveis-datencio-a-les-persones-preferentment-els-gestionin-entitats-diniciativa-social-amb-re\\\/#article\",\"isPartOf\":{\"@id\":\"https:\\\/\\\/abd.ong\\\/ca\\\/general-ca\\\/angels-guiteras-reivindica-al-parlament-de-catalunya-que-els-serveis-datencio-a-les-persones-preferentment-els-gestionin-entitats-diniciativa-social-amb-re\\\/\"},\"author\":{\"name\":\"M_Disseny\",\"@id\":\"https:\\\/\\\/abd.ong\\\/ca\\\/#\\\/schema\\\/person\\\/1b9cf116597cda3a4b8900a43c641f6e\"},\"headline\":\"\u00c0ngels Guiteras reivindica al Parlament de Catalunya que els serveis d\u2019atenci\u00f3 a les persones \u201cpreferentment\u201d els gestionin entitats \u201cd\u2019iniciativa social amb reconeguda solv\u00e8ncia social, t\u00e8cnica i econ\u00f2mica\u201d\",\"datePublished\":\"2019-02-18T23:00:00+00:00\",\"dateModified\":\"2021-02-17T17:51:56+00:00\",\"mainEntityOfPage\":{\"@id\":\"https:\\\/\\\/abd.ong\\\/ca\\\/general-ca\\\/angels-guiteras-reivindica-al-parlament-de-catalunya-que-els-serveis-datencio-a-les-persones-preferentment-els-gestionin-entitats-diniciativa-social-amb-re\\\/\"},\"wordCount\":883,\"publisher\":{\"@id\":\"https:\\\/\\\/abd.ong\\\/ca\\\/#organization\"},\"image\":{\"@id\":\"https:\\\/\\\/abd.ong\\\/ca\\\/general-ca\\\/angels-guiteras-reivindica-al-parlament-de-catalunya-que-els-serveis-datencio-a-les-persones-preferentment-els-gestionin-entitats-diniciativa-social-amb-re\\\/#primaryimage\"},\"thumbnailUrl\":\"https:\\\/\\\/abd.ong\\\/wp-content\\\/uploads\\\/1970\\\/01\\\/SAM_2804-e1550576312531.jpg\",\"keywords\":[\"ABD\",\"comissi\u00f3 d'Economia i Hisenda\",\"compareixen\u00e7a Parlament de Catalunya\",\"concertaci\u00f3 de serveis\",\"projecte de llei de contractes de serveis a les persones\",\"serveis socials\"],\"articleSection\":[\"General\"],\"inLanguage\":\"ca\"},{\"@type\":\"WebPage\",\"@id\":\"https:\\\/\\\/abd.ong\\\/ca\\\/general-ca\\\/angels-guiteras-reivindica-al-parlament-de-catalunya-que-els-serveis-datencio-a-les-persones-preferentment-els-gestionin-entitats-diniciativa-social-amb-re\\\/\",\"url\":\"https:\\\/\\\/abd.ong\\\/ca\\\/general-ca\\\/angels-guiteras-reivindica-al-parlament-de-catalunya-que-els-serveis-datencio-a-les-persones-preferentment-els-gestionin-entitats-diniciativa-social-amb-re\\\/\",\"name\":\"\u00c0ngels Guiteras reivindica al Parlament de Catalunya que els serveis d\u2019atenci\u00f3 a les persones \u201cpreferentment\u201d els gestionin entitats \u201cd\u2019iniciativa social amb reconeguda solv\u00e8ncia social, t\u00e8cnica i econ\u00f2mica\u201d - ABD\",\"isPartOf\":{\"@id\":\"https:\\\/\\\/abd.ong\\\/ca\\\/#website\"},\"primaryImageOfPage\":{\"@id\":\"https:\\\/\\\/abd.ong\\\/ca\\\/general-ca\\\/angels-guiteras-reivindica-al-parlament-de-catalunya-que-els-serveis-datencio-a-les-persones-preferentment-els-gestionin-entitats-diniciativa-social-amb-re\\\/#primaryimage\"},\"image\":{\"@id\":\"https:\\\/\\\/abd.ong\\\/ca\\\/general-ca\\\/angels-guiteras-reivindica-al-parlament-de-catalunya-que-els-serveis-datencio-a-les-persones-preferentment-els-gestionin-entitats-diniciativa-social-amb-re\\\/#primaryimage\"},\"thumbnailUrl\":\"https:\\\/\\\/abd.ong\\\/wp-content\\\/uploads\\\/1970\\\/01\\\/SAM_2804-e1550576312531.jpg\",\"datePublished\":\"2019-02-18T23:00:00+00:00\",\"dateModified\":\"2021-02-17T17:51:56+00:00\",\"description\":\"La gerent de l\u2019Associaci\u00f3 Benestar i Desenvolupament ABD, \u00c0ngels Guiteras, ha reivindicat al Parlament de Catalunya que la futura llei de contractes de\",\"breadcrumb\":{\"@id\":\"https:\\\/\\\/abd.ong\\\/ca\\\/general-ca\\\/angels-guiteras-reivindica-al-parlament-de-catalunya-que-els-serveis-datencio-a-les-persones-preferentment-els-gestionin-entitats-diniciativa-social-amb-re\\\/#breadcrumb\"},\"inLanguage\":\"ca\",\"potentialAction\":[{\"@type\":\"ReadAction\",\"target\":[\"https:\\\/\\\/abd.ong\\\/ca\\\/general-ca\\\/angels-guiteras-reivindica-al-parlament-de-catalunya-que-els-serveis-datencio-a-les-persones-preferentment-els-gestionin-entitats-diniciativa-social-amb-re\\\/\"]}]},{\"@type\":\"ImageObject\",\"inLanguage\":\"ca\",\"@id\":\"https:\\\/\\\/abd.ong\\\/ca\\\/general-ca\\\/angels-guiteras-reivindica-al-parlament-de-catalunya-que-els-serveis-datencio-a-les-persones-preferentment-els-gestionin-entitats-diniciativa-social-amb-re\\\/#primaryimage\",\"url\":\"https:\\\/\\\/abd.ong\\\/wp-content\\\/uploads\\\/1970\\\/01\\\/SAM_2804-e1550576312531.jpg\",\"contentUrl\":\"https:\\\/\\\/abd.ong\\\/wp-content\\\/uploads\\\/1970\\\/01\\\/SAM_2804-e1550576312531.jpg\",\"width\":800,\"height\":533},{\"@type\":\"BreadcrumbList\",\"@id\":\"https:\\\/\\\/abd.ong\\\/ca\\\/general-ca\\\/angels-guiteras-reivindica-al-parlament-de-catalunya-que-els-serveis-datencio-a-les-persones-preferentment-els-gestionin-entitats-diniciativa-social-amb-re\\\/#breadcrumb\",\"itemListElement\":[{\"@type\":\"ListItem\",\"position\":1,\"name\":\"Inici\",\"item\":\"https:\\\/\\\/abd.ong\\\/ca\\\/\"},{\"@type\":\"ListItem\",\"position\":2,\"name\":\"\u00c0ngels Guiteras reivindica al Parlament de Catalunya que els serveis d\u2019atenci\u00f3 a les persones \u201cpreferentment\u201d els gestionin entitats \u201cd\u2019iniciativa social amb reconeguda solv\u00e8ncia social, t\u00e8cnica i econ\u00f2mica\u201d\"}]},{\"@type\":\"WebSite\",\"@id\":\"https:\\\/\\\/abd.ong\\\/ca\\\/#website\",\"url\":\"https:\\\/\\\/abd.ong\\\/ca\\\/\",\"name\":\"ABD\",\"description\":\"Asociaci\u00f3n Bienestar y Desarrollo\",\"publisher\":{\"@id\":\"https:\\\/\\\/abd.ong\\\/ca\\\/#organization\"},\"potentialAction\":[{\"@type\":\"SearchAction\",\"target\":{\"@type\":\"EntryPoint\",\"urlTemplate\":\"https:\\\/\\\/abd.ong\\\/ca\\\/?s={search_term_string}\"},\"query-input\":{\"@type\":\"PropertyValueSpecification\",\"valueRequired\":true,\"valueName\":\"search_term_string\"}}],\"inLanguage\":\"ca\"},{\"@type\":\"Organization\",\"@id\":\"https:\\\/\\\/abd.ong\\\/ca\\\/#organization\",\"name\":\"Associaci\u00f3 Benestar i Desenvolupament\",\"alternateName\":\"ABD\",\"url\":\"https:\\\/\\\/abd.ong\\\/ca\\\/\",\"logo\":{\"@type\":\"ImageObject\",\"inLanguage\":\"ca\",\"@id\":\"https:\\\/\\\/abd.ong\\\/ca\\\/#\\\/schema\\\/logo\\\/image\\\/\",\"url\":\"https:\\\/\\\/abd.ong\\\/wp-content\\\/uploads\\\/2023\\\/01\\\/Icona.png\",\"contentUrl\":\"https:\\\/\\\/abd.ong\\\/wp-content\\\/uploads\\\/2023\\\/01\\\/Icona.png\",\"width\":190,\"height\":187,\"caption\":\"Associaci\u00f3 Benestar i Desenvolupament\"},\"image\":{\"@id\":\"https:\\\/\\\/abd.ong\\\/ca\\\/#\\\/schema\\\/logo\\\/image\\\/\"},\"sameAs\":[\"https:\\\/\\\/www.facebook.com\\\/abd.ong\",\"https:\\\/\\\/x.com\\\/abd_ong\",\"https:\\\/\\\/www.instagram.com\\\/abd_ong\\\/\",\"https:\\\/\\\/www.linkedin.com\\\/company\\\/abdong\",\"https:\\\/\\\/www.youtube.com\\\/user\\\/CANALABD\"]},{\"@type\":\"Person\",\"@id\":\"https:\\\/\\\/abd.ong\\\/ca\\\/#\\\/schema\\\/person\\\/1b9cf116597cda3a4b8900a43c641f6e\",\"name\":\"M_Disseny\"}]}<\/script>\n<!-- \/ Yoast SEO plugin. -->","yoast_head_json":{"title":"\u00c0ngels Guiteras reivindica al Parlament de Catalunya que els serveis d\u2019atenci\u00f3 a les persones \u201cpreferentment\u201d els gestionin entitats \u201cd\u2019iniciativa social amb reconeguda solv\u00e8ncia social, t\u00e8cnica i econ\u00f2mica\u201d - ABD","description":"La gerent de l\u2019Associaci\u00f3 Benestar i Desenvolupament ABD, \u00c0ngels Guiteras, ha reivindicat al Parlament de Catalunya que la futura llei de contractes de","robots":{"index":"index","follow":"follow","max-snippet":"max-snippet:-1","max-image-preview":"max-image-preview:large","max-video-preview":"max-video-preview:-1"},"canonical":"https:\/\/abd.ong\/ca\/general-ca\/angels-guiteras-reivindica-al-parlament-de-catalunya-que-els-serveis-datencio-a-les-persones-preferentment-els-gestionin-entitats-diniciativa-social-amb-re\/","og_locale":"ca_ES","og_type":"article","og_title":"\u00c0ngels Guiteras reivindica al Parlament de Catalunya que els serveis d\u2019atenci\u00f3 a les persones \u201cpreferentment\u201d els gestionin entitats \u201cd\u2019iniciativa social amb reconeguda solv\u00e8ncia social, t\u00e8cnica i econ\u00f2mica\u201d - ABD","og_description":"La gerent de l\u2019Associaci\u00f3 Benestar i Desenvolupament ABD, \u00c0ngels Guiteras, ha reivindicat al Parlament de Catalunya que la futura llei de contractes de","og_url":"https:\/\/abd.ong\/ca\/general-ca\/angels-guiteras-reivindica-al-parlament-de-catalunya-que-els-serveis-datencio-a-les-persones-preferentment-els-gestionin-entitats-diniciativa-social-amb-re\/","og_site_name":"ABD","article_publisher":"https:\/\/www.facebook.com\/abd.ong","article_published_time":"2019-02-18T23:00:00+00:00","article_modified_time":"2021-02-17T17:51:56+00:00","og_image":[{"width":800,"height":533,"url":"https:\/\/abd.ong\/wp-content\/uploads\/1970\/01\/SAM_2804-e1550576312531.jpg","type":"image\/jpeg"}],"author":"M_Disseny","twitter_card":"summary_large_image","twitter_creator":"@abd_ong","twitter_site":"@abd_ong","twitter_misc":{"Escrit per":"M_Disseny","Temps estimat de lectura":"4 minuts"},"schema":{"@context":"https:\/\/schema.org","@graph":[{"@type":"Article","@id":"https:\/\/abd.ong\/ca\/general-ca\/angels-guiteras-reivindica-al-parlament-de-catalunya-que-els-serveis-datencio-a-les-persones-preferentment-els-gestionin-entitats-diniciativa-social-amb-re\/#article","isPartOf":{"@id":"https:\/\/abd.ong\/ca\/general-ca\/angels-guiteras-reivindica-al-parlament-de-catalunya-que-els-serveis-datencio-a-les-persones-preferentment-els-gestionin-entitats-diniciativa-social-amb-re\/"},"author":{"name":"M_Disseny","@id":"https:\/\/abd.ong\/ca\/#\/schema\/person\/1b9cf116597cda3a4b8900a43c641f6e"},"headline":"\u00c0ngels Guiteras reivindica al Parlament de Catalunya que els serveis d\u2019atenci\u00f3 a les persones \u201cpreferentment\u201d els gestionin entitats \u201cd\u2019iniciativa social amb reconeguda solv\u00e8ncia social, t\u00e8cnica i econ\u00f2mica\u201d","datePublished":"2019-02-18T23:00:00+00:00","dateModified":"2021-02-17T17:51:56+00:00","mainEntityOfPage":{"@id":"https:\/\/abd.ong\/ca\/general-ca\/angels-guiteras-reivindica-al-parlament-de-catalunya-que-els-serveis-datencio-a-les-persones-preferentment-els-gestionin-entitats-diniciativa-social-amb-re\/"},"wordCount":883,"publisher":{"@id":"https:\/\/abd.ong\/ca\/#organization"},"image":{"@id":"https:\/\/abd.ong\/ca\/general-ca\/angels-guiteras-reivindica-al-parlament-de-catalunya-que-els-serveis-datencio-a-les-persones-preferentment-els-gestionin-entitats-diniciativa-social-amb-re\/#primaryimage"},"thumbnailUrl":"https:\/\/abd.ong\/wp-content\/uploads\/1970\/01\/SAM_2804-e1550576312531.jpg","keywords":["ABD","comissi\u00f3 d'Economia i Hisenda","compareixen\u00e7a Parlament de Catalunya","concertaci\u00f3 de serveis","projecte de llei de contractes de serveis a les persones","serveis socials"],"articleSection":["General"],"inLanguage":"ca"},{"@type":"WebPage","@id":"https:\/\/abd.ong\/ca\/general-ca\/angels-guiteras-reivindica-al-parlament-de-catalunya-que-els-serveis-datencio-a-les-persones-preferentment-els-gestionin-entitats-diniciativa-social-amb-re\/","url":"https:\/\/abd.ong\/ca\/general-ca\/angels-guiteras-reivindica-al-parlament-de-catalunya-que-els-serveis-datencio-a-les-persones-preferentment-els-gestionin-entitats-diniciativa-social-amb-re\/","name":"\u00c0ngels Guiteras reivindica al Parlament de Catalunya que els serveis d\u2019atenci\u00f3 a les persones \u201cpreferentment\u201d els gestionin entitats \u201cd\u2019iniciativa social amb reconeguda solv\u00e8ncia social, t\u00e8cnica i econ\u00f2mica\u201d - ABD","isPartOf":{"@id":"https:\/\/abd.ong\/ca\/#website"},"primaryImageOfPage":{"@id":"https:\/\/abd.ong\/ca\/general-ca\/angels-guiteras-reivindica-al-parlament-de-catalunya-que-els-serveis-datencio-a-les-persones-preferentment-els-gestionin-entitats-diniciativa-social-amb-re\/#primaryimage"},"image":{"@id":"https:\/\/abd.ong\/ca\/general-ca\/angels-guiteras-reivindica-al-parlament-de-catalunya-que-els-serveis-datencio-a-les-persones-preferentment-els-gestionin-entitats-diniciativa-social-amb-re\/#primaryimage"},"thumbnailUrl":"https:\/\/abd.ong\/wp-content\/uploads\/1970\/01\/SAM_2804-e1550576312531.jpg","datePublished":"2019-02-18T23:00:00+00:00","dateModified":"2021-02-17T17:51:56+00:00","description":"La gerent de l\u2019Associaci\u00f3 Benestar i Desenvolupament ABD, \u00c0ngels Guiteras, ha reivindicat al Parlament de Catalunya que la futura llei de contractes de","breadcrumb":{"@id":"https:\/\/abd.ong\/ca\/general-ca\/angels-guiteras-reivindica-al-parlament-de-catalunya-que-els-serveis-datencio-a-les-persones-preferentment-els-gestionin-entitats-diniciativa-social-amb-re\/#breadcrumb"},"inLanguage":"ca","potentialAction":[{"@type":"ReadAction","target":["https:\/\/abd.ong\/ca\/general-ca\/angels-guiteras-reivindica-al-parlament-de-catalunya-que-els-serveis-datencio-a-les-persones-preferentment-els-gestionin-entitats-diniciativa-social-amb-re\/"]}]},{"@type":"ImageObject","inLanguage":"ca","@id":"https:\/\/abd.ong\/ca\/general-ca\/angels-guiteras-reivindica-al-parlament-de-catalunya-que-els-serveis-datencio-a-les-persones-preferentment-els-gestionin-entitats-diniciativa-social-amb-re\/#primaryimage","url":"https:\/\/abd.ong\/wp-content\/uploads\/1970\/01\/SAM_2804-e1550576312531.jpg","contentUrl":"https:\/\/abd.ong\/wp-content\/uploads\/1970\/01\/SAM_2804-e1550576312531.jpg","width":800,"height":533},{"@type":"BreadcrumbList","@id":"https:\/\/abd.ong\/ca\/general-ca\/angels-guiteras-reivindica-al-parlament-de-catalunya-que-els-serveis-datencio-a-les-persones-preferentment-els-gestionin-entitats-diniciativa-social-amb-re\/#breadcrumb","itemListElement":[{"@type":"ListItem","position":1,"name":"Inici","item":"https:\/\/abd.ong\/ca\/"},{"@type":"ListItem","position":2,"name":"\u00c0ngels Guiteras reivindica al Parlament de Catalunya que els serveis d\u2019atenci\u00f3 a les persones \u201cpreferentment\u201d els gestionin entitats \u201cd\u2019iniciativa social amb reconeguda solv\u00e8ncia social, t\u00e8cnica i econ\u00f2mica\u201d"}]},{"@type":"WebSite","@id":"https:\/\/abd.ong\/ca\/#website","url":"https:\/\/abd.ong\/ca\/","name":"ABD","description":"Asociaci\u00f3n Bienestar y Desarrollo","publisher":{"@id":"https:\/\/abd.ong\/ca\/#organization"},"potentialAction":[{"@type":"SearchAction","target":{"@type":"EntryPoint","urlTemplate":"https:\/\/abd.ong\/ca\/?s={search_term_string}"},"query-input":{"@type":"PropertyValueSpecification","valueRequired":true,"valueName":"search_term_string"}}],"inLanguage":"ca"},{"@type":"Organization","@id":"https:\/\/abd.ong\/ca\/#organization","name":"Associaci\u00f3 Benestar i Desenvolupament","alternateName":"ABD","url":"https:\/\/abd.ong\/ca\/","logo":{"@type":"ImageObject","inLanguage":"ca","@id":"https:\/\/abd.ong\/ca\/#\/schema\/logo\/image\/","url":"https:\/\/abd.ong\/wp-content\/uploads\/2023\/01\/Icona.png","contentUrl":"https:\/\/abd.ong\/wp-content\/uploads\/2023\/01\/Icona.png","width":190,"height":187,"caption":"Associaci\u00f3 Benestar i Desenvolupament"},"image":{"@id":"https:\/\/abd.ong\/ca\/#\/schema\/logo\/image\/"},"sameAs":["https:\/\/www.facebook.com\/abd.ong","https:\/\/x.com\/abd_ong","https:\/\/www.instagram.com\/abd_ong\/","https:\/\/www.linkedin.com\/company\/abdong","https:\/\/www.youtube.com\/user\/CANALABD"]},{"@type":"Person","@id":"https:\/\/abd.ong\/ca\/#\/schema\/person\/1b9cf116597cda3a4b8900a43c641f6e","name":"M_Disseny"}]}},"_links":{"self":[{"href":"https:\/\/abd.ong\/ca\/wp-json\/wp\/v2\/posts\/10245","targetHints":{"allow":["GET"]}}],"collection":[{"href":"https:\/\/abd.ong\/ca\/wp-json\/wp\/v2\/posts"}],"about":[{"href":"https:\/\/abd.ong\/ca\/wp-json\/wp\/v2\/types\/post"}],"author":[{"embeddable":true,"href":"https:\/\/abd.ong\/ca\/wp-json\/wp\/v2\/users\/1"}],"replies":[{"embeddable":true,"href":"https:\/\/abd.ong\/ca\/wp-json\/wp\/v2\/comments?post=10245"}],"version-history":[{"count":2,"href":"https:\/\/abd.ong\/ca\/wp-json\/wp\/v2\/posts\/10245\/revisions"}],"predecessor-version":[{"id":20258,"href":"https:\/\/abd.ong\/ca\/wp-json\/wp\/v2\/posts\/10245\/revisions\/20258"}],"wp:featuredmedia":[{"embeddable":true,"href":"https:\/\/abd.ong\/ca\/wp-json\/wp\/v2\/media\/1912"}],"wp:attachment":[{"href":"https:\/\/abd.ong\/ca\/wp-json\/wp\/v2\/media?parent=10245"}],"wp:term":[{"taxonomy":"category","embeddable":true,"href":"https:\/\/abd.ong\/ca\/wp-json\/wp\/v2\/categories?post=10245"},{"taxonomy":"post_tag","embeddable":true,"href":"https:\/\/abd.ong\/ca\/wp-json\/wp\/v2\/tags?post=10245"}],"curies":[{"name":"wp","href":"https:\/\/api.w.org\/{rel}","templated":true}]}}