{"id":10244,"date":"2019-02-14T00:00:00","date_gmt":"2019-02-13T23:00:00","guid":{"rendered":"https:\/\/abd.ong\/sin-categorizar\/la-gerent-dabd-angels-guiteras-compareix-al-parlament-de-catalunya\/"},"modified":"2021-02-17T18:34:47","modified_gmt":"2021-02-17T17:34:47","slug":"la-gerent-dabd-angels-guiteras-compareix-al-parlament-de-catalunya","status":"publish","type":"post","link":"https:\/\/abd.ong\/ca\/general-ca\/la-gerent-dabd-angels-guiteras-compareix-al-parlament-de-catalunya\/","title":{"rendered":"La gerent d\u2019ABD, \u00c0ngels Guiteras, compareix al Parlament de Catalunya"},"content":{"rendered":"<p>La gerent de l\u2019<a href=\"https:\/\/abd.ong\">Associaci\u00f3 Benestar i Desenvolupament<\/a>, <strong>\u00c0ngels Guiteras<\/strong>, compareixer\u00e0 el proper <strong>dilluns 18 de febrer a les 15:00 hores<\/strong> al <a href=\"https:\/\/www.parlament.cat\/web\/index.html\">Parlament de Catalunya<\/a> amb relaci\u00f3 al <a href=\"https:\/\/www.parlament.cat\/web\/activitat-parlamentaria\/iniciatives-legislatives\/antecedents-llei\/index.html?p_id=270311110&amp;format_contingut=D&amp;hr_contingut=PC_EXP_PROJECTES_LLEI\">Projecte de llei de contractes de serveis a les persones<\/a>.<\/p>\n<p>Actualment el Parlament de Catalunya est\u00e0 tramitant el Projecte de llei de contractes de serveis a les persones i dins del procediment legislatiu els grups parlamentaris poden demanar a algunes entitats, com \u00e9s el cas d\u2019ABD, que compareguin per donar la seva opini\u00f3 o formular propostes que els grups parlamentaris podran recollir i incorporar en el text final de la llei. \u00c9s en aquest context que s\u2019emmarca la <a href=\"https:\/\/www.parlament.cat\/web\/activitat-parlamentaria\/siap\/index.html?STRUTSANCHOR1=detallExpedient.do&amp;ad=1&amp;criteri=353-00053\/12\">intervenci\u00f3 de la gerent d\u2019ABD<\/a>.<\/p>\n<p>El projecte de llei de contractes de serveis a les persones t\u00e9 per <strong>objectiu millorar la qualitat dels anomenats serveis a les persones<\/strong>, entesos com els que afecten directament la ciutadania, quan es contractin amb empreses o entitats privades i del tercer sector. Aquests serveis poden ser des de serveis d&#8217;atenci\u00f3 a col\u00b7lectius desfavorits, activitats d&#8217;acompanyament i lleure per a infants i joves o gent gran, complementaris a l&#8217;atenci\u00f3 sanit\u00e0ria, gesti\u00f3 d&#8217;equipaments com casals, centres c\u00edvics o comunitaris o esportius, o serveis de restauraci\u00f3 a hospitals, escoles i resid\u00e8ncies de gent gran, entre d&#8217;altres.<\/p>\n<h3><strong>ASSEGURAR LA QUALITAT DE LES PRESTACIONS<\/strong><\/h3>\n<p>La finalitat principal d&#8217;aquesta iniciativa legislativa \u00e9s <strong>assegurar la qualitat de les prestacions en benefici de les persones usu\u00e0ries dels serveis, i per tant donar prefer\u00e8ncia, a l&#8217;hora d&#8217;escollir les entitats i empreses que prestin els serveis, a criteris de qualitat i de continu\u00eftat en front del criteri econ\u00f2mic<\/strong>.<\/p>\n","protected":false},"excerpt":{"rendered":"<p>La gerent de l\u2019Associaci\u00f3 Benestar i Desenvolupament, \u00c0ngels Guiteras, compareixer\u00e0 el proper dilluns 18 de febrer a les 15:00 hores al Parlament de Catalunya amb relaci\u00f3 al Projecte de llei&hellip;<\/p>\n","protected":false},"author":1,"featured_media":1904,"comment_status":"closed","ping_status":"closed","sticky":false,"template":"","format":"standard","meta":{"_acf_changed":false,"footnotes":""},"categories":[66],"tags":[119,1249],"class_list":["post-10244","post","type-post","status-publish","format-standard","has-post-thumbnail","hentry","category-general-ca","tag-abd","tag-parlament-de-catalunya-ca-2","ods-aliances-per-assolir-els-objectius","ods-reduccio-de-les-desigualtats","right-dret-a-la-llibertat-dexpressio","right-dret-a-la-participacio-ciutadana"],"acf":[],"yoast_head":"<!-- This site is optimized with the Yoast SEO plugin v27.4 - https:\/\/yoast.com\/product\/yoast-seo-wordpress\/ -->\n<title>La gerent d\u2019ABD, \u00c0ngels Guiteras, compareix al Parlament de Catalunya - ABD<\/title>\n<meta name=\"description\" content=\"La gerent de l\u2019Associaci\u00f3 Benestar i Desenvolupament, \u00c0ngels Guiteras, compareixer\u00e0 el proper dilluns 18 de febrer a les 15:00 hores al Parlament de\" \/>\n<meta name=\"robots\" content=\"index, follow, max-snippet:-1, max-image-preview:large, max-video-preview:-1\" \/>\n<link rel=\"canonical\" href=\"https:\/\/abd.ong\/ca\/general-ca\/la-gerent-dabd-angels-guiteras-compareix-al-parlament-de-catalunya\/\" \/>\n<meta property=\"og:locale\" content=\"ca_ES\" \/>\n<meta property=\"og:type\" content=\"article\" \/>\n<meta property=\"og:title\" content=\"La gerent d\u2019ABD, \u00c0ngels Guiteras, compareix al Parlament de Catalunya - ABD\" \/>\n<meta property=\"og:description\" content=\"La gerent de l\u2019Associaci\u00f3 Benestar i Desenvolupament, \u00c0ngels Guiteras, compareixer\u00e0 el proper dilluns 18 de febrer a les 15:00 hores al Parlament de\" \/>\n<meta property=\"og:url\" content=\"https:\/\/abd.ong\/ca\/general-ca\/la-gerent-dabd-angels-guiteras-compareix-al-parlament-de-catalunya\/\" \/>\n<meta property=\"og:site_name\" content=\"ABD\" \/>\n<meta property=\"article:publisher\" content=\"https:\/\/www.facebook.com\/abd.ong\" \/>\n<meta property=\"article:published_time\" content=\"2019-02-13T23:00:00+00:00\" \/>\n<meta property=\"article:modified_time\" content=\"2021-02-17T17:34:47+00:00\" \/>\n<meta property=\"og:image\" content=\"https:\/\/abd.ong\/wp-content\/uploads\/1970\/01\/007-e1550149992717.jpg\" \/>\n\t<meta property=\"og:image:width\" content=\"800\" \/>\n\t<meta property=\"og:image:height\" content=\"534\" \/>\n\t<meta property=\"og:image:type\" content=\"image\/jpeg\" \/>\n<meta name=\"author\" content=\"M_Disseny\" \/>\n<meta name=\"twitter:card\" content=\"summary_large_image\" \/>\n<meta name=\"twitter:creator\" content=\"@abd_ong\" \/>\n<meta name=\"twitter:site\" content=\"@abd_ong\" \/>\n<meta name=\"twitter:label1\" content=\"Escrit per\" \/>\n\t<meta name=\"twitter:data1\" content=\"M_Disseny\" \/>\n\t<meta name=\"twitter:label2\" content=\"Temps estimat de lectura\" \/>\n\t<meta name=\"twitter:data2\" content=\"1 minut\" \/>\n<script type=\"application\/ld+json\" class=\"yoast-schema-graph\">{\"@context\":\"https:\\\/\\\/schema.org\",\"@graph\":[{\"@type\":\"Article\",\"@id\":\"https:\\\/\\\/abd.ong\\\/ca\\\/general-ca\\\/la-gerent-dabd-angels-guiteras-compareix-al-parlament-de-catalunya\\\/#article\",\"isPartOf\":{\"@id\":\"https:\\\/\\\/abd.ong\\\/ca\\\/general-ca\\\/la-gerent-dabd-angels-guiteras-compareix-al-parlament-de-catalunya\\\/\"},\"author\":{\"name\":\"M_Disseny\",\"@id\":\"https:\\\/\\\/abd.ong\\\/ca\\\/#\\\/schema\\\/person\\\/1b9cf116597cda3a4b8900a43c641f6e\"},\"headline\":\"La gerent d\u2019ABD, \u00c0ngels Guiteras, compareix al Parlament de Catalunya\",\"datePublished\":\"2019-02-13T23:00:00+00:00\",\"dateModified\":\"2021-02-17T17:34:47+00:00\",\"mainEntityOfPage\":{\"@id\":\"https:\\\/\\\/abd.ong\\\/ca\\\/general-ca\\\/la-gerent-dabd-angels-guiteras-compareix-al-parlament-de-catalunya\\\/\"},\"wordCount\":288,\"publisher\":{\"@id\":\"https:\\\/\\\/abd.ong\\\/ca\\\/#organization\"},\"image\":{\"@id\":\"https:\\\/\\\/abd.ong\\\/ca\\\/general-ca\\\/la-gerent-dabd-angels-guiteras-compareix-al-parlament-de-catalunya\\\/#primaryimage\"},\"thumbnailUrl\":\"https:\\\/\\\/abd.ong\\\/wp-content\\\/uploads\\\/1970\\\/01\\\/007-e1550149992717.jpg\",\"keywords\":[\"ABD\",\"Parlament de Catalunya\"],\"articleSection\":[\"General\"],\"inLanguage\":\"ca\"},{\"@type\":\"WebPage\",\"@id\":\"https:\\\/\\\/abd.ong\\\/ca\\\/general-ca\\\/la-gerent-dabd-angels-guiteras-compareix-al-parlament-de-catalunya\\\/\",\"url\":\"https:\\\/\\\/abd.ong\\\/ca\\\/general-ca\\\/la-gerent-dabd-angels-guiteras-compareix-al-parlament-de-catalunya\\\/\",\"name\":\"La gerent d\u2019ABD, \u00c0ngels Guiteras, compareix al Parlament de Catalunya - ABD\",\"isPartOf\":{\"@id\":\"https:\\\/\\\/abd.ong\\\/ca\\\/#website\"},\"primaryImageOfPage\":{\"@id\":\"https:\\\/\\\/abd.ong\\\/ca\\\/general-ca\\\/la-gerent-dabd-angels-guiteras-compareix-al-parlament-de-catalunya\\\/#primaryimage\"},\"image\":{\"@id\":\"https:\\\/\\\/abd.ong\\\/ca\\\/general-ca\\\/la-gerent-dabd-angels-guiteras-compareix-al-parlament-de-catalunya\\\/#primaryimage\"},\"thumbnailUrl\":\"https:\\\/\\\/abd.ong\\\/wp-content\\\/uploads\\\/1970\\\/01\\\/007-e1550149992717.jpg\",\"datePublished\":\"2019-02-13T23:00:00+00:00\",\"dateModified\":\"2021-02-17T17:34:47+00:00\",\"description\":\"La gerent de l\u2019Associaci\u00f3 Benestar i Desenvolupament, \u00c0ngels Guiteras, compareixer\u00e0 el proper dilluns 18 de febrer a les 15:00 hores al Parlament de\",\"breadcrumb\":{\"@id\":\"https:\\\/\\\/abd.ong\\\/ca\\\/general-ca\\\/la-gerent-dabd-angels-guiteras-compareix-al-parlament-de-catalunya\\\/#breadcrumb\"},\"inLanguage\":\"ca\",\"potentialAction\":[{\"@type\":\"ReadAction\",\"target\":[\"https:\\\/\\\/abd.ong\\\/ca\\\/general-ca\\\/la-gerent-dabd-angels-guiteras-compareix-al-parlament-de-catalunya\\\/\"]}]},{\"@type\":\"ImageObject\",\"inLanguage\":\"ca\",\"@id\":\"https:\\\/\\\/abd.ong\\\/ca\\\/general-ca\\\/la-gerent-dabd-angels-guiteras-compareix-al-parlament-de-catalunya\\\/#primaryimage\",\"url\":\"https:\\\/\\\/abd.ong\\\/wp-content\\\/uploads\\\/1970\\\/01\\\/007-e1550149992717.jpg\",\"contentUrl\":\"https:\\\/\\\/abd.ong\\\/wp-content\\\/uploads\\\/1970\\\/01\\\/007-e1550149992717.jpg\",\"width\":800,\"height\":534},{\"@type\":\"BreadcrumbList\",\"@id\":\"https:\\\/\\\/abd.ong\\\/ca\\\/general-ca\\\/la-gerent-dabd-angels-guiteras-compareix-al-parlament-de-catalunya\\\/#breadcrumb\",\"itemListElement\":[{\"@type\":\"ListItem\",\"position\":1,\"name\":\"Inici\",\"item\":\"https:\\\/\\\/abd.ong\\\/ca\\\/\"},{\"@type\":\"ListItem\",\"position\":2,\"name\":\"La gerent d\u2019ABD, \u00c0ngels Guiteras, compareix al Parlament de Catalunya\"}]},{\"@type\":\"WebSite\",\"@id\":\"https:\\\/\\\/abd.ong\\\/ca\\\/#website\",\"url\":\"https:\\\/\\\/abd.ong\\\/ca\\\/\",\"name\":\"ABD\",\"description\":\"Asociaci\u00f3n Bienestar y Desarrollo\",\"publisher\":{\"@id\":\"https:\\\/\\\/abd.ong\\\/ca\\\/#organization\"},\"potentialAction\":[{\"@type\":\"SearchAction\",\"target\":{\"@type\":\"EntryPoint\",\"urlTemplate\":\"https:\\\/\\\/abd.ong\\\/ca\\\/?s={search_term_string}\"},\"query-input\":{\"@type\":\"PropertyValueSpecification\",\"valueRequired\":true,\"valueName\":\"search_term_string\"}}],\"inLanguage\":\"ca\"},{\"@type\":\"Organization\",\"@id\":\"https:\\\/\\\/abd.ong\\\/ca\\\/#organization\",\"name\":\"Associaci\u00f3 Benestar i Desenvolupament\",\"alternateName\":\"ABD\",\"url\":\"https:\\\/\\\/abd.ong\\\/ca\\\/\",\"logo\":{\"@type\":\"ImageObject\",\"inLanguage\":\"ca\",\"@id\":\"https:\\\/\\\/abd.ong\\\/ca\\\/#\\\/schema\\\/logo\\\/image\\\/\",\"url\":\"https:\\\/\\\/abd.ong\\\/wp-content\\\/uploads\\\/2023\\\/01\\\/Icona.png\",\"contentUrl\":\"https:\\\/\\\/abd.ong\\\/wp-content\\\/uploads\\\/2023\\\/01\\\/Icona.png\",\"width\":190,\"height\":187,\"caption\":\"Associaci\u00f3 Benestar i Desenvolupament\"},\"image\":{\"@id\":\"https:\\\/\\\/abd.ong\\\/ca\\\/#\\\/schema\\\/logo\\\/image\\\/\"},\"sameAs\":[\"https:\\\/\\\/www.facebook.com\\\/abd.ong\",\"https:\\\/\\\/x.com\\\/abd_ong\",\"https:\\\/\\\/www.instagram.com\\\/abd_ong\\\/\",\"https:\\\/\\\/www.linkedin.com\\\/company\\\/abdong\",\"https:\\\/\\\/www.youtube.com\\\/user\\\/CANALABD\"]},{\"@type\":\"Person\",\"@id\":\"https:\\\/\\\/abd.ong\\\/ca\\\/#\\\/schema\\\/person\\\/1b9cf116597cda3a4b8900a43c641f6e\",\"name\":\"M_Disseny\"}]}<\/script>\n<!-- \/ Yoast SEO plugin. -->","yoast_head_json":{"title":"La gerent d\u2019ABD, \u00c0ngels Guiteras, compareix al Parlament de Catalunya - ABD","description":"La gerent de l\u2019Associaci\u00f3 Benestar i Desenvolupament, \u00c0ngels Guiteras, compareixer\u00e0 el proper dilluns 18 de febrer a les 15:00 hores al Parlament de","robots":{"index":"index","follow":"follow","max-snippet":"max-snippet:-1","max-image-preview":"max-image-preview:large","max-video-preview":"max-video-preview:-1"},"canonical":"https:\/\/abd.ong\/ca\/general-ca\/la-gerent-dabd-angels-guiteras-compareix-al-parlament-de-catalunya\/","og_locale":"ca_ES","og_type":"article","og_title":"La gerent d\u2019ABD, \u00c0ngels Guiteras, compareix al Parlament de Catalunya - ABD","og_description":"La gerent de l\u2019Associaci\u00f3 Benestar i Desenvolupament, \u00c0ngels Guiteras, compareixer\u00e0 el proper dilluns 18 de febrer a les 15:00 hores al Parlament de","og_url":"https:\/\/abd.ong\/ca\/general-ca\/la-gerent-dabd-angels-guiteras-compareix-al-parlament-de-catalunya\/","og_site_name":"ABD","article_publisher":"https:\/\/www.facebook.com\/abd.ong","article_published_time":"2019-02-13T23:00:00+00:00","article_modified_time":"2021-02-17T17:34:47+00:00","og_image":[{"width":800,"height":534,"url":"https:\/\/abd.ong\/wp-content\/uploads\/1970\/01\/007-e1550149992717.jpg","type":"image\/jpeg"}],"author":"M_Disseny","twitter_card":"summary_large_image","twitter_creator":"@abd_ong","twitter_site":"@abd_ong","twitter_misc":{"Escrit per":"M_Disseny","Temps estimat de lectura":"1 minut"},"schema":{"@context":"https:\/\/schema.org","@graph":[{"@type":"Article","@id":"https:\/\/abd.ong\/ca\/general-ca\/la-gerent-dabd-angels-guiteras-compareix-al-parlament-de-catalunya\/#article","isPartOf":{"@id":"https:\/\/abd.ong\/ca\/general-ca\/la-gerent-dabd-angels-guiteras-compareix-al-parlament-de-catalunya\/"},"author":{"name":"M_Disseny","@id":"https:\/\/abd.ong\/ca\/#\/schema\/person\/1b9cf116597cda3a4b8900a43c641f6e"},"headline":"La gerent d\u2019ABD, \u00c0ngels Guiteras, compareix al Parlament de Catalunya","datePublished":"2019-02-13T23:00:00+00:00","dateModified":"2021-02-17T17:34:47+00:00","mainEntityOfPage":{"@id":"https:\/\/abd.ong\/ca\/general-ca\/la-gerent-dabd-angels-guiteras-compareix-al-parlament-de-catalunya\/"},"wordCount":288,"publisher":{"@id":"https:\/\/abd.ong\/ca\/#organization"},"image":{"@id":"https:\/\/abd.ong\/ca\/general-ca\/la-gerent-dabd-angels-guiteras-compareix-al-parlament-de-catalunya\/#primaryimage"},"thumbnailUrl":"https:\/\/abd.ong\/wp-content\/uploads\/1970\/01\/007-e1550149992717.jpg","keywords":["ABD","Parlament de Catalunya"],"articleSection":["General"],"inLanguage":"ca"},{"@type":"WebPage","@id":"https:\/\/abd.ong\/ca\/general-ca\/la-gerent-dabd-angels-guiteras-compareix-al-parlament-de-catalunya\/","url":"https:\/\/abd.ong\/ca\/general-ca\/la-gerent-dabd-angels-guiteras-compareix-al-parlament-de-catalunya\/","name":"La gerent d\u2019ABD, \u00c0ngels Guiteras, compareix al Parlament de Catalunya - ABD","isPartOf":{"@id":"https:\/\/abd.ong\/ca\/#website"},"primaryImageOfPage":{"@id":"https:\/\/abd.ong\/ca\/general-ca\/la-gerent-dabd-angels-guiteras-compareix-al-parlament-de-catalunya\/#primaryimage"},"image":{"@id":"https:\/\/abd.ong\/ca\/general-ca\/la-gerent-dabd-angels-guiteras-compareix-al-parlament-de-catalunya\/#primaryimage"},"thumbnailUrl":"https:\/\/abd.ong\/wp-content\/uploads\/1970\/01\/007-e1550149992717.jpg","datePublished":"2019-02-13T23:00:00+00:00","dateModified":"2021-02-17T17:34:47+00:00","description":"La gerent de l\u2019Associaci\u00f3 Benestar i Desenvolupament, \u00c0ngels Guiteras, compareixer\u00e0 el proper dilluns 18 de febrer a les 15:00 hores al Parlament de","breadcrumb":{"@id":"https:\/\/abd.ong\/ca\/general-ca\/la-gerent-dabd-angels-guiteras-compareix-al-parlament-de-catalunya\/#breadcrumb"},"inLanguage":"ca","potentialAction":[{"@type":"ReadAction","target":["https:\/\/abd.ong\/ca\/general-ca\/la-gerent-dabd-angels-guiteras-compareix-al-parlament-de-catalunya\/"]}]},{"@type":"ImageObject","inLanguage":"ca","@id":"https:\/\/abd.ong\/ca\/general-ca\/la-gerent-dabd-angels-guiteras-compareix-al-parlament-de-catalunya\/#primaryimage","url":"https:\/\/abd.ong\/wp-content\/uploads\/1970\/01\/007-e1550149992717.jpg","contentUrl":"https:\/\/abd.ong\/wp-content\/uploads\/1970\/01\/007-e1550149992717.jpg","width":800,"height":534},{"@type":"BreadcrumbList","@id":"https:\/\/abd.ong\/ca\/general-ca\/la-gerent-dabd-angels-guiteras-compareix-al-parlament-de-catalunya\/#breadcrumb","itemListElement":[{"@type":"ListItem","position":1,"name":"Inici","item":"https:\/\/abd.ong\/ca\/"},{"@type":"ListItem","position":2,"name":"La gerent d\u2019ABD, \u00c0ngels Guiteras, compareix al Parlament de Catalunya"}]},{"@type":"WebSite","@id":"https:\/\/abd.ong\/ca\/#website","url":"https:\/\/abd.ong\/ca\/","name":"ABD","description":"Asociaci\u00f3n Bienestar y Desarrollo","publisher":{"@id":"https:\/\/abd.ong\/ca\/#organization"},"potentialAction":[{"@type":"SearchAction","target":{"@type":"EntryPoint","urlTemplate":"https:\/\/abd.ong\/ca\/?s={search_term_string}"},"query-input":{"@type":"PropertyValueSpecification","valueRequired":true,"valueName":"search_term_string"}}],"inLanguage":"ca"},{"@type":"Organization","@id":"https:\/\/abd.ong\/ca\/#organization","name":"Associaci\u00f3 Benestar i Desenvolupament","alternateName":"ABD","url":"https:\/\/abd.ong\/ca\/","logo":{"@type":"ImageObject","inLanguage":"ca","@id":"https:\/\/abd.ong\/ca\/#\/schema\/logo\/image\/","url":"https:\/\/abd.ong\/wp-content\/uploads\/2023\/01\/Icona.png","contentUrl":"https:\/\/abd.ong\/wp-content\/uploads\/2023\/01\/Icona.png","width":190,"height":187,"caption":"Associaci\u00f3 Benestar i Desenvolupament"},"image":{"@id":"https:\/\/abd.ong\/ca\/#\/schema\/logo\/image\/"},"sameAs":["https:\/\/www.facebook.com\/abd.ong","https:\/\/x.com\/abd_ong","https:\/\/www.instagram.com\/abd_ong\/","https:\/\/www.linkedin.com\/company\/abdong","https:\/\/www.youtube.com\/user\/CANALABD"]},{"@type":"Person","@id":"https:\/\/abd.ong\/ca\/#\/schema\/person\/1b9cf116597cda3a4b8900a43c641f6e","name":"M_Disseny"}]}},"_links":{"self":[{"href":"https:\/\/abd.ong\/ca\/wp-json\/wp\/v2\/posts\/10244","targetHints":{"allow":["GET"]}}],"collection":[{"href":"https:\/\/abd.ong\/ca\/wp-json\/wp\/v2\/posts"}],"about":[{"href":"https:\/\/abd.ong\/ca\/wp-json\/wp\/v2\/types\/post"}],"author":[{"embeddable":true,"href":"https:\/\/abd.ong\/ca\/wp-json\/wp\/v2\/users\/1"}],"replies":[{"embeddable":true,"href":"https:\/\/abd.ong\/ca\/wp-json\/wp\/v2\/comments?post=10244"}],"version-history":[{"count":2,"href":"https:\/\/abd.ong\/ca\/wp-json\/wp\/v2\/posts\/10244\/revisions"}],"predecessor-version":[{"id":20031,"href":"https:\/\/abd.ong\/ca\/wp-json\/wp\/v2\/posts\/10244\/revisions\/20031"}],"wp:featuredmedia":[{"embeddable":true,"href":"https:\/\/abd.ong\/ca\/wp-json\/wp\/v2\/media\/1904"}],"wp:attachment":[{"href":"https:\/\/abd.ong\/ca\/wp-json\/wp\/v2\/media?parent=10244"}],"wp:term":[{"taxonomy":"category","embeddable":true,"href":"https:\/\/abd.ong\/ca\/wp-json\/wp\/v2\/categories?post=10244"},{"taxonomy":"post_tag","embeddable":true,"href":"https:\/\/abd.ong\/ca\/wp-json\/wp\/v2\/tags?post=10244"}],"curies":[{"name":"wp","href":"https:\/\/api.w.org\/{rel}","templated":true}]}}