{"id":10232,"date":"2018-11-23T00:00:00","date_gmt":"2018-11-22T23:00:00","guid":{"rendered":"https:\/\/abd.ong\/sin-categorizar\/rafael-vilalta-de-viure-al-carrer-a-treballar-per-combatre-la-pobresa-energetica\/"},"modified":"2021-09-27T11:13:16","modified_gmt":"2021-09-27T09:13:16","slug":"el-cas-de-sants-reivindica-el-25n-dia-contra-la-violencia-masclista-amb-dones-usuaries-de-el-servei","status":"publish","type":"post","link":"https:\/\/abd.ong\/ca\/general-ca\/el-cas-de-sants-reivindica-el-25n-dia-contra-la-violencia-masclista-amb-dones-usuaries-de-el-servei\/","title":{"rendered":"El CAS de Sants reivindica el 25N, Dia contra la Viol\u00e8ncia Masclista, amb dones usu\u00e0ries de el servei"},"content":{"rendered":"<p><span>\u00abTristament veiem com al llarg de la hist\u00f2ria es repeteixen patrons i actituds masclistes que estan desembocant en un augment de casos de viol\u00e8ncia contra la dona en els \u00faltims anys\u00bb. D&#8217;aquesta manera el&nbsp;<\/span><strong><span>CAS de Sants<\/span><\/strong><span>&nbsp;ha comen\u00e7at el manifest de l&#8217;&nbsp;<\/span><strong><span>25 de novembre,<\/span><\/strong><span>&nbsp;&nbsp;Dia Internacional contra la Viol\u00e8ncia Masclista o per a l&#8217;Eliminaci\u00f3 de la Viol\u00e8ncia contra la Dona.<\/span><\/p>\n<p><span><span class=\"\">Aquest servei d&#8217;ABD ha volgut commemorar aquest dia amb dones usu\u00e0ries de l&#8217;CAS, que participen en el&nbsp;<\/span><\/span><strong><span><span class=\"\">Grup de Dones<\/span><\/span><\/strong><span><span class=\"\">&nbsp;i la&nbsp;<\/span><\/span><strong><span><span class=\"\">Comissi\u00f3 de Dones<\/span><\/span><\/strong><span><span class=\"\">&nbsp;. Han decorat conjuntament l&#8217;espai i han realitzat diverses accions per denunciar aquesta viol\u00e8ncia, que afecta les dones pel fet de ser-ho, i constitueix un atemptat contra la seva integritat, dignitat i llibertat, independentment de l&#8217;\u00e0mbit on es produeixi.<\/span><\/span><\/p>\n<h5><span><span class=\"\">\u00abParlem de qualsevol acte violent o agressi\u00f3, basat en una situaci\u00f3 de desigualtat en el marc d&#8217;un sistema de relacions de dominaci\u00f3 dels homes sobre les dones. Aix\u00f2 t\u00e9 com a conseq\u00fc\u00e8ncia un dany f\u00edsic, sexual o psicol\u00f2gic, incloses les amenaces de tals actes i la coacci\u00f3 o privaci\u00f3 arbitr\u00e0ria de la llibertat; tant si ocorren en l&#8217;\u00e0mbit p\u00fablic com en la vida familiar o personal.<\/span><\/span><\/h5>\n<h5><span>Aquest \u00e9s un problema que es repeteix en diferents escales socials i en diferents pa\u00efsos.&nbsp;Les conseq\u00fc\u00e8ncies s\u00f3n similars i devastadores en tots els llocs i cultures.&nbsp;Diana, Jennifer, Laura, Celia, M\u00aa del Pilar, Pau, Dolors, Patricia, Doris, M\u00aa Jos\u00e9, Florentina, Silvia, Leticia, Mar, Laia, Vanesa, Ana Bel\u00e9n, Josefa, Francisca, Raquel, Marta, Cristina, Ali, Paula, Miranda &#8230; s\u00f3n alguns dels noms de les dones que han perdut la vida aquest any a mans dels seus agressors. \u00bb<\/span><\/h5>\n<p><span><span class=\"\">Si vols llegir el manifest complet, veu a el seg\u00fcent&nbsp;&nbsp;<\/span><\/span><strong><a href=\"https:\/\/es.calameo.com\/read\/005768402c44667c72326\"><span><span class=\"\">enlla\u00e7<\/span><\/span><\/a><\/strong><span><span class=\"\">&nbsp;.<\/span><\/span><\/p>\n<p><img fetchpriority=\"high\" decoding=\"async\" class=\" wp-image-2521 alignleft\" src=\"https:\/\/abd.ong\/blog\/wp-content\/uploads\/2018\/11\/WhatsApp-Image-2018-11-21-at-16.20.12-225x300.jpeg\" alt=\"\" width=\"300\" height=\"400\"><img decoding=\"async\" class=\" wp-image-2524 alignleft\" src=\"https:\/\/abd.ong\/blog\/wp-content\/uploads\/2018\/11\/WhatsApp-Image-2018-11-21-at-16.20.13-1-225x300.jpeg\" alt=\"\" width=\"299\" height=\"399\"><\/p>\n","protected":false},"excerpt":{"rendered":"<p>\u00abTristament veiem com al llarg de la hist\u00f2ria es repeteixen patrons i actituds masclistes que estan desembocant en un augment de casos de viol\u00e8ncia contra la dona en els \u00faltims&hellip;<\/p>\n","protected":false},"author":1,"featured_media":1130,"comment_status":"closed","ping_status":"closed","sticky":false,"template":"","format":"standard","meta":{"_acf_changed":false,"footnotes":""},"categories":[65,1291],"tags":[1111],"class_list":["post-10232","post","type-post","status-publish","format-standard","has-post-thumbnail","hentry","category-general","category-igualdad-de-genero","tag-cas-sants-ca-2","ods-aliances-per-assolir-els-objectius","ods-energia-assequible-i-no-contaminant","ods-fi-de-la-pobresa","ods-reduccio-de-les-desigualtats","ods-salut-i-benestar","ods-treball-decent-i-creixement-economic","right-dret-a-lhabitatge","right-dret-a-la-integritat-personal","right-dret-a-la-llibertat-dexpressio","right-dret-a-la-participacio-ciutadana","right-dret-a-la-salut","right-dret-a-la-seguretat-vital","right-dret-a-la-sostenibilitat-ambiental","right-dret-al-treball"],"acf":[],"yoast_head":"<!-- This site is optimized with the Yoast SEO plugin v27.4 - https:\/\/yoast.com\/product\/yoast-seo-wordpress\/ -->\n<title>El CAS de Sants reivindica el 25N, Dia contra la Viol\u00e8ncia Masclista, amb dones usu\u00e0ries de el servei - ABD<\/title>\n<meta name=\"description\" content=\"\u00abTristament veiem com al llarg de la hist\u00f2ria es repeteixen patrons i actituds masclistes que estan desembocant en un augment de casos de viol\u00e8ncia contra\" \/>\n<meta name=\"robots\" content=\"index, follow, max-snippet:-1, max-image-preview:large, max-video-preview:-1\" \/>\n<link rel=\"canonical\" href=\"https:\/\/abd.ong\/ca\/general-ca\/el-cas-de-sants-reivindica-el-25n-dia-contra-la-violencia-masclista-amb-dones-usuaries-de-el-servei\/\" \/>\n<meta property=\"og:locale\" content=\"ca_ES\" \/>\n<meta property=\"og:type\" content=\"article\" \/>\n<meta property=\"og:title\" content=\"El CAS de Sants reivindica el 25N, Dia contra la Viol\u00e8ncia Masclista, amb dones usu\u00e0ries de el servei - ABD\" \/>\n<meta property=\"og:description\" content=\"\u00abTristament veiem com al llarg de la hist\u00f2ria es repeteixen patrons i actituds masclistes que estan desembocant en un augment de casos de viol\u00e8ncia contra\" \/>\n<meta property=\"og:url\" content=\"https:\/\/abd.ong\/ca\/general-ca\/el-cas-de-sants-reivindica-el-25n-dia-contra-la-violencia-masclista-amb-dones-usuaries-de-el-servei\/\" \/>\n<meta property=\"og:site_name\" content=\"ABD\" \/>\n<meta property=\"article:publisher\" content=\"https:\/\/www.facebook.com\/abd.ong\" \/>\n<meta property=\"article:published_time\" content=\"2018-11-22T23:00:00+00:00\" \/>\n<meta property=\"article:modified_time\" content=\"2021-09-27T09:13:16+00:00\" \/>\n<meta property=\"og:image\" content=\"https:\/\/abd.ong\/wp-content\/uploads\/1970\/01\/WhatsApp-Image-2018-11-21-at-16.20.13.jpeg\" \/>\n\t<meta property=\"og:image:width\" content=\"1525\" \/>\n\t<meta property=\"og:image:height\" content=\"1017\" \/>\n\t<meta property=\"og:image:type\" content=\"image\/jpeg\" \/>\n<meta name=\"author\" content=\"M_Disseny\" \/>\n<meta name=\"twitter:card\" content=\"summary_large_image\" \/>\n<meta name=\"twitter:creator\" content=\"@abd_ong\" \/>\n<meta name=\"twitter:site\" content=\"@abd_ong\" \/>\n<meta name=\"twitter:label1\" content=\"Escrit per\" \/>\n\t<meta name=\"twitter:data1\" content=\"M_Disseny\" \/>\n\t<meta name=\"twitter:label2\" content=\"Temps estimat de lectura\" \/>\n\t<meta name=\"twitter:data2\" content=\"2 minuts\" \/>\n<script type=\"application\/ld+json\" class=\"yoast-schema-graph\">{\"@context\":\"https:\\\/\\\/schema.org\",\"@graph\":[{\"@type\":\"Article\",\"@id\":\"https:\\\/\\\/abd.ong\\\/ca\\\/general-ca\\\/el-cas-de-sants-reivindica-el-25n-dia-contra-la-violencia-masclista-amb-dones-usuaries-de-el-servei\\\/#article\",\"isPartOf\":{\"@id\":\"https:\\\/\\\/abd.ong\\\/ca\\\/general-ca\\\/el-cas-de-sants-reivindica-el-25n-dia-contra-la-violencia-masclista-amb-dones-usuaries-de-el-servei\\\/\"},\"author\":{\"name\":\"M_Disseny\",\"@id\":\"https:\\\/\\\/abd.ong\\\/ca\\\/#\\\/schema\\\/person\\\/1b9cf116597cda3a4b8900a43c641f6e\"},\"headline\":\"El CAS de Sants reivindica el 25N, Dia contra la Viol\u00e8ncia Masclista, amb dones usu\u00e0ries de el servei\",\"datePublished\":\"2018-11-22T23:00:00+00:00\",\"dateModified\":\"2021-09-27T09:13:16+00:00\",\"mainEntityOfPage\":{\"@id\":\"https:\\\/\\\/abd.ong\\\/ca\\\/general-ca\\\/el-cas-de-sants-reivindica-el-25n-dia-contra-la-violencia-masclista-amb-dones-usuaries-de-el-servei\\\/\"},\"wordCount\":336,\"publisher\":{\"@id\":\"https:\\\/\\\/abd.ong\\\/ca\\\/#organization\"},\"image\":{\"@id\":\"https:\\\/\\\/abd.ong\\\/ca\\\/general-ca\\\/el-cas-de-sants-reivindica-el-25n-dia-contra-la-violencia-masclista-amb-dones-usuaries-de-el-servei\\\/#primaryimage\"},\"thumbnailUrl\":\"https:\\\/\\\/abd.ong\\\/wp-content\\\/uploads\\\/1970\\\/01\\\/WhatsApp-Image-2018-11-21-at-16.20.13.jpeg\",\"keywords\":[\"CAS Sants\"],\"articleSection\":[\"General\",\"Igualdad de g\u00e9nero\"],\"inLanguage\":\"ca\"},{\"@type\":\"WebPage\",\"@id\":\"https:\\\/\\\/abd.ong\\\/ca\\\/general-ca\\\/el-cas-de-sants-reivindica-el-25n-dia-contra-la-violencia-masclista-amb-dones-usuaries-de-el-servei\\\/\",\"url\":\"https:\\\/\\\/abd.ong\\\/ca\\\/general-ca\\\/el-cas-de-sants-reivindica-el-25n-dia-contra-la-violencia-masclista-amb-dones-usuaries-de-el-servei\\\/\",\"name\":\"El CAS de Sants reivindica el 25N, Dia contra la Viol\u00e8ncia Masclista, amb dones usu\u00e0ries de el servei - ABD\",\"isPartOf\":{\"@id\":\"https:\\\/\\\/abd.ong\\\/ca\\\/#website\"},\"primaryImageOfPage\":{\"@id\":\"https:\\\/\\\/abd.ong\\\/ca\\\/general-ca\\\/el-cas-de-sants-reivindica-el-25n-dia-contra-la-violencia-masclista-amb-dones-usuaries-de-el-servei\\\/#primaryimage\"},\"image\":{\"@id\":\"https:\\\/\\\/abd.ong\\\/ca\\\/general-ca\\\/el-cas-de-sants-reivindica-el-25n-dia-contra-la-violencia-masclista-amb-dones-usuaries-de-el-servei\\\/#primaryimage\"},\"thumbnailUrl\":\"https:\\\/\\\/abd.ong\\\/wp-content\\\/uploads\\\/1970\\\/01\\\/WhatsApp-Image-2018-11-21-at-16.20.13.jpeg\",\"datePublished\":\"2018-11-22T23:00:00+00:00\",\"dateModified\":\"2021-09-27T09:13:16+00:00\",\"description\":\"\u00abTristament veiem com al llarg de la hist\u00f2ria es repeteixen patrons i actituds masclistes que estan desembocant en un augment de casos de viol\u00e8ncia contra\",\"breadcrumb\":{\"@id\":\"https:\\\/\\\/abd.ong\\\/ca\\\/general-ca\\\/el-cas-de-sants-reivindica-el-25n-dia-contra-la-violencia-masclista-amb-dones-usuaries-de-el-servei\\\/#breadcrumb\"},\"inLanguage\":\"ca\",\"potentialAction\":[{\"@type\":\"ReadAction\",\"target\":[\"https:\\\/\\\/abd.ong\\\/ca\\\/general-ca\\\/el-cas-de-sants-reivindica-el-25n-dia-contra-la-violencia-masclista-amb-dones-usuaries-de-el-servei\\\/\"]}]},{\"@type\":\"ImageObject\",\"inLanguage\":\"ca\",\"@id\":\"https:\\\/\\\/abd.ong\\\/ca\\\/general-ca\\\/el-cas-de-sants-reivindica-el-25n-dia-contra-la-violencia-masclista-amb-dones-usuaries-de-el-servei\\\/#primaryimage\",\"url\":\"https:\\\/\\\/abd.ong\\\/wp-content\\\/uploads\\\/1970\\\/01\\\/WhatsApp-Image-2018-11-21-at-16.20.13.jpeg\",\"contentUrl\":\"https:\\\/\\\/abd.ong\\\/wp-content\\\/uploads\\\/1970\\\/01\\\/WhatsApp-Image-2018-11-21-at-16.20.13.jpeg\",\"width\":1525,\"height\":1017},{\"@type\":\"BreadcrumbList\",\"@id\":\"https:\\\/\\\/abd.ong\\\/ca\\\/general-ca\\\/el-cas-de-sants-reivindica-el-25n-dia-contra-la-violencia-masclista-amb-dones-usuaries-de-el-servei\\\/#breadcrumb\",\"itemListElement\":[{\"@type\":\"ListItem\",\"position\":1,\"name\":\"Inici\",\"item\":\"https:\\\/\\\/abd.ong\\\/ca\\\/\"},{\"@type\":\"ListItem\",\"position\":2,\"name\":\"El CAS de Sants reivindica el 25N, Dia contra la Viol\u00e8ncia Masclista, amb dones usu\u00e0ries de el servei\"}]},{\"@type\":\"WebSite\",\"@id\":\"https:\\\/\\\/abd.ong\\\/ca\\\/#website\",\"url\":\"https:\\\/\\\/abd.ong\\\/ca\\\/\",\"name\":\"ABD\",\"description\":\"Asociaci\u00f3n Bienestar y Desarrollo\",\"publisher\":{\"@id\":\"https:\\\/\\\/abd.ong\\\/ca\\\/#organization\"},\"potentialAction\":[{\"@type\":\"SearchAction\",\"target\":{\"@type\":\"EntryPoint\",\"urlTemplate\":\"https:\\\/\\\/abd.ong\\\/ca\\\/?s={search_term_string}\"},\"query-input\":{\"@type\":\"PropertyValueSpecification\",\"valueRequired\":true,\"valueName\":\"search_term_string\"}}],\"inLanguage\":\"ca\"},{\"@type\":\"Organization\",\"@id\":\"https:\\\/\\\/abd.ong\\\/ca\\\/#organization\",\"name\":\"Associaci\u00f3 Benestar i Desenvolupament\",\"alternateName\":\"ABD\",\"url\":\"https:\\\/\\\/abd.ong\\\/ca\\\/\",\"logo\":{\"@type\":\"ImageObject\",\"inLanguage\":\"ca\",\"@id\":\"https:\\\/\\\/abd.ong\\\/ca\\\/#\\\/schema\\\/logo\\\/image\\\/\",\"url\":\"https:\\\/\\\/abd.ong\\\/wp-content\\\/uploads\\\/2023\\\/01\\\/Icona.png\",\"contentUrl\":\"https:\\\/\\\/abd.ong\\\/wp-content\\\/uploads\\\/2023\\\/01\\\/Icona.png\",\"width\":190,\"height\":187,\"caption\":\"Associaci\u00f3 Benestar i Desenvolupament\"},\"image\":{\"@id\":\"https:\\\/\\\/abd.ong\\\/ca\\\/#\\\/schema\\\/logo\\\/image\\\/\"},\"sameAs\":[\"https:\\\/\\\/www.facebook.com\\\/abd.ong\",\"https:\\\/\\\/x.com\\\/abd_ong\",\"https:\\\/\\\/www.instagram.com\\\/abd_ong\\\/\",\"https:\\\/\\\/www.linkedin.com\\\/company\\\/abdong\",\"https:\\\/\\\/www.youtube.com\\\/user\\\/CANALABD\"]},{\"@type\":\"Person\",\"@id\":\"https:\\\/\\\/abd.ong\\\/ca\\\/#\\\/schema\\\/person\\\/1b9cf116597cda3a4b8900a43c641f6e\",\"name\":\"M_Disseny\"}]}<\/script>\n<!-- \/ Yoast SEO plugin. -->","yoast_head_json":{"title":"El CAS de Sants reivindica el 25N, Dia contra la Viol\u00e8ncia Masclista, amb dones usu\u00e0ries de el servei - ABD","description":"\u00abTristament veiem com al llarg de la hist\u00f2ria es repeteixen patrons i actituds masclistes que estan desembocant en un augment de casos de viol\u00e8ncia contra","robots":{"index":"index","follow":"follow","max-snippet":"max-snippet:-1","max-image-preview":"max-image-preview:large","max-video-preview":"max-video-preview:-1"},"canonical":"https:\/\/abd.ong\/ca\/general-ca\/el-cas-de-sants-reivindica-el-25n-dia-contra-la-violencia-masclista-amb-dones-usuaries-de-el-servei\/","og_locale":"ca_ES","og_type":"article","og_title":"El CAS de Sants reivindica el 25N, Dia contra la Viol\u00e8ncia Masclista, amb dones usu\u00e0ries de el servei - ABD","og_description":"\u00abTristament veiem com al llarg de la hist\u00f2ria es repeteixen patrons i actituds masclistes que estan desembocant en un augment de casos de viol\u00e8ncia contra","og_url":"https:\/\/abd.ong\/ca\/general-ca\/el-cas-de-sants-reivindica-el-25n-dia-contra-la-violencia-masclista-amb-dones-usuaries-de-el-servei\/","og_site_name":"ABD","article_publisher":"https:\/\/www.facebook.com\/abd.ong","article_published_time":"2018-11-22T23:00:00+00:00","article_modified_time":"2021-09-27T09:13:16+00:00","og_image":[{"width":1525,"height":1017,"url":"https:\/\/abd.ong\/wp-content\/uploads\/1970\/01\/WhatsApp-Image-2018-11-21-at-16.20.13.jpeg","type":"image\/jpeg"}],"author":"M_Disseny","twitter_card":"summary_large_image","twitter_creator":"@abd_ong","twitter_site":"@abd_ong","twitter_misc":{"Escrit per":"M_Disseny","Temps estimat de lectura":"2 minuts"},"schema":{"@context":"https:\/\/schema.org","@graph":[{"@type":"Article","@id":"https:\/\/abd.ong\/ca\/general-ca\/el-cas-de-sants-reivindica-el-25n-dia-contra-la-violencia-masclista-amb-dones-usuaries-de-el-servei\/#article","isPartOf":{"@id":"https:\/\/abd.ong\/ca\/general-ca\/el-cas-de-sants-reivindica-el-25n-dia-contra-la-violencia-masclista-amb-dones-usuaries-de-el-servei\/"},"author":{"name":"M_Disseny","@id":"https:\/\/abd.ong\/ca\/#\/schema\/person\/1b9cf116597cda3a4b8900a43c641f6e"},"headline":"El CAS de Sants reivindica el 25N, Dia contra la Viol\u00e8ncia Masclista, amb dones usu\u00e0ries de el servei","datePublished":"2018-11-22T23:00:00+00:00","dateModified":"2021-09-27T09:13:16+00:00","mainEntityOfPage":{"@id":"https:\/\/abd.ong\/ca\/general-ca\/el-cas-de-sants-reivindica-el-25n-dia-contra-la-violencia-masclista-amb-dones-usuaries-de-el-servei\/"},"wordCount":336,"publisher":{"@id":"https:\/\/abd.ong\/ca\/#organization"},"image":{"@id":"https:\/\/abd.ong\/ca\/general-ca\/el-cas-de-sants-reivindica-el-25n-dia-contra-la-violencia-masclista-amb-dones-usuaries-de-el-servei\/#primaryimage"},"thumbnailUrl":"https:\/\/abd.ong\/wp-content\/uploads\/1970\/01\/WhatsApp-Image-2018-11-21-at-16.20.13.jpeg","keywords":["CAS Sants"],"articleSection":["General","Igualdad de g\u00e9nero"],"inLanguage":"ca"},{"@type":"WebPage","@id":"https:\/\/abd.ong\/ca\/general-ca\/el-cas-de-sants-reivindica-el-25n-dia-contra-la-violencia-masclista-amb-dones-usuaries-de-el-servei\/","url":"https:\/\/abd.ong\/ca\/general-ca\/el-cas-de-sants-reivindica-el-25n-dia-contra-la-violencia-masclista-amb-dones-usuaries-de-el-servei\/","name":"El CAS de Sants reivindica el 25N, Dia contra la Viol\u00e8ncia Masclista, amb dones usu\u00e0ries de el servei - ABD","isPartOf":{"@id":"https:\/\/abd.ong\/ca\/#website"},"primaryImageOfPage":{"@id":"https:\/\/abd.ong\/ca\/general-ca\/el-cas-de-sants-reivindica-el-25n-dia-contra-la-violencia-masclista-amb-dones-usuaries-de-el-servei\/#primaryimage"},"image":{"@id":"https:\/\/abd.ong\/ca\/general-ca\/el-cas-de-sants-reivindica-el-25n-dia-contra-la-violencia-masclista-amb-dones-usuaries-de-el-servei\/#primaryimage"},"thumbnailUrl":"https:\/\/abd.ong\/wp-content\/uploads\/1970\/01\/WhatsApp-Image-2018-11-21-at-16.20.13.jpeg","datePublished":"2018-11-22T23:00:00+00:00","dateModified":"2021-09-27T09:13:16+00:00","description":"\u00abTristament veiem com al llarg de la hist\u00f2ria es repeteixen patrons i actituds masclistes que estan desembocant en un augment de casos de viol\u00e8ncia contra","breadcrumb":{"@id":"https:\/\/abd.ong\/ca\/general-ca\/el-cas-de-sants-reivindica-el-25n-dia-contra-la-violencia-masclista-amb-dones-usuaries-de-el-servei\/#breadcrumb"},"inLanguage":"ca","potentialAction":[{"@type":"ReadAction","target":["https:\/\/abd.ong\/ca\/general-ca\/el-cas-de-sants-reivindica-el-25n-dia-contra-la-violencia-masclista-amb-dones-usuaries-de-el-servei\/"]}]},{"@type":"ImageObject","inLanguage":"ca","@id":"https:\/\/abd.ong\/ca\/general-ca\/el-cas-de-sants-reivindica-el-25n-dia-contra-la-violencia-masclista-amb-dones-usuaries-de-el-servei\/#primaryimage","url":"https:\/\/abd.ong\/wp-content\/uploads\/1970\/01\/WhatsApp-Image-2018-11-21-at-16.20.13.jpeg","contentUrl":"https:\/\/abd.ong\/wp-content\/uploads\/1970\/01\/WhatsApp-Image-2018-11-21-at-16.20.13.jpeg","width":1525,"height":1017},{"@type":"BreadcrumbList","@id":"https:\/\/abd.ong\/ca\/general-ca\/el-cas-de-sants-reivindica-el-25n-dia-contra-la-violencia-masclista-amb-dones-usuaries-de-el-servei\/#breadcrumb","itemListElement":[{"@type":"ListItem","position":1,"name":"Inici","item":"https:\/\/abd.ong\/ca\/"},{"@type":"ListItem","position":2,"name":"El CAS de Sants reivindica el 25N, Dia contra la Viol\u00e8ncia Masclista, amb dones usu\u00e0ries de el servei"}]},{"@type":"WebSite","@id":"https:\/\/abd.ong\/ca\/#website","url":"https:\/\/abd.ong\/ca\/","name":"ABD","description":"Asociaci\u00f3n Bienestar y Desarrollo","publisher":{"@id":"https:\/\/abd.ong\/ca\/#organization"},"potentialAction":[{"@type":"SearchAction","target":{"@type":"EntryPoint","urlTemplate":"https:\/\/abd.ong\/ca\/?s={search_term_string}"},"query-input":{"@type":"PropertyValueSpecification","valueRequired":true,"valueName":"search_term_string"}}],"inLanguage":"ca"},{"@type":"Organization","@id":"https:\/\/abd.ong\/ca\/#organization","name":"Associaci\u00f3 Benestar i Desenvolupament","alternateName":"ABD","url":"https:\/\/abd.ong\/ca\/","logo":{"@type":"ImageObject","inLanguage":"ca","@id":"https:\/\/abd.ong\/ca\/#\/schema\/logo\/image\/","url":"https:\/\/abd.ong\/wp-content\/uploads\/2023\/01\/Icona.png","contentUrl":"https:\/\/abd.ong\/wp-content\/uploads\/2023\/01\/Icona.png","width":190,"height":187,"caption":"Associaci\u00f3 Benestar i Desenvolupament"},"image":{"@id":"https:\/\/abd.ong\/ca\/#\/schema\/logo\/image\/"},"sameAs":["https:\/\/www.facebook.com\/abd.ong","https:\/\/x.com\/abd_ong","https:\/\/www.instagram.com\/abd_ong\/","https:\/\/www.linkedin.com\/company\/abdong","https:\/\/www.youtube.com\/user\/CANALABD"]},{"@type":"Person","@id":"https:\/\/abd.ong\/ca\/#\/schema\/person\/1b9cf116597cda3a4b8900a43c641f6e","name":"M_Disseny"}]}},"_links":{"self":[{"href":"https:\/\/abd.ong\/ca\/wp-json\/wp\/v2\/posts\/10232","targetHints":{"allow":["GET"]}}],"collection":[{"href":"https:\/\/abd.ong\/ca\/wp-json\/wp\/v2\/posts"}],"about":[{"href":"https:\/\/abd.ong\/ca\/wp-json\/wp\/v2\/types\/post"}],"author":[{"embeddable":true,"href":"https:\/\/abd.ong\/ca\/wp-json\/wp\/v2\/users\/1"}],"replies":[{"embeddable":true,"href":"https:\/\/abd.ong\/ca\/wp-json\/wp\/v2\/comments?post=10232"}],"version-history":[{"count":3,"href":"https:\/\/abd.ong\/ca\/wp-json\/wp\/v2\/posts\/10232\/revisions"}],"predecessor-version":[{"id":26236,"href":"https:\/\/abd.ong\/ca\/wp-json\/wp\/v2\/posts\/10232\/revisions\/26236"}],"wp:featuredmedia":[{"embeddable":true,"href":"https:\/\/abd.ong\/ca\/wp-json\/wp\/v2\/media\/1130"}],"wp:attachment":[{"href":"https:\/\/abd.ong\/ca\/wp-json\/wp\/v2\/media?parent=10232"}],"wp:term":[{"taxonomy":"category","embeddable":true,"href":"https:\/\/abd.ong\/ca\/wp-json\/wp\/v2\/categories?post=10232"},{"taxonomy":"post_tag","embeddable":true,"href":"https:\/\/abd.ong\/ca\/wp-json\/wp\/v2\/tags?post=10232"}],"curies":[{"name":"wp","href":"https:\/\/api.w.org\/{rel}","templated":true}]}}