{"id":10220,"date":"2019-01-17T00:00:00","date_gmt":"2019-01-16T23:00:00","guid":{"rendered":"https:\/\/abd.ong\/sin-categorizar\/programa-sexus-diversitat-genere-madrid\/"},"modified":"2022-05-24T17:37:51","modified_gmt":"2022-05-24T15:37:51","slug":"programa-sexus-diversitat-genere-madrid","status":"publish","type":"post","link":"https:\/\/abd.ong\/ca\/infancia-i-familia\/programa-sexus-diversitat-genere-madrid\/","title":{"rendered":"El projecte d&#8217;ABD Sexus, sobre sexualitats, diversitat i g\u00e8nere, arriba a la Comunitat de Madrid"},"content":{"rendered":"<p>El programa de l&#8217;<strong><a href=\"https:\/\/abd.ong\">Associaci\u00f3 Benestar i Desenvolupament<\/a> (ABD)<\/strong>, <a href=\"https:\/\/www.instagram.com\/sexus_org\/\"><strong>Sexus<\/strong><\/a>, sobre <strong>sexualitats, diversitat i g\u00e8nere<\/strong>, arriba a les instal\u00b7lacions d&#8217;ABD Madrid, des d&#8217;on vol apropar-se als espais d&#8217;oci nocturn i a les persones joves de la ciutat.<\/p>\n<p><strong>Sexus<\/strong> \u00e9s un projecte de l&#8217;\u00e0mbit de la sexualitat, el sentit del qual \u00e9s assessorar a adolescents i persones joves. Fins ara havia estat desenvolupat a Catalunya, per\u00f2 enguany s&#8217;implementar\u00e0 tamb\u00e9 a la Comunitat de Madrid per donar resposta a la necessitat que ABD ha detectat en <strong>l&#8217;oci nocturn i en la manca d&#8217;informaci\u00f3 pel que fa a la salut sexual<\/strong> entre adolescents i joves.<\/p>\n<p>La intervenci\u00f3, doncs, pret\u00e9n comen\u00e7ar pels espais de festa, a trav\u00e9s de la <strong>sensibilitzaci\u00f3 i facilitaci\u00f3 d&#8217;informaci\u00f3<\/strong> destinada a les persones joves que participen de l&#8217;oci en espais privats com discoteques, en espais p\u00fablics com les festes del districte o les patronals, i tamb\u00e9 en espais autogestionats.<\/p>\n<p>&#8220;La necessitat de portar aquest projecte a altres territoris, f\u00f3ra de Catalunya, era evident. Hem de concretar aquest projecte a altres ciutats i espais&#8221;, ha explicat <strong>Aldana Men\u00e9ndez<\/strong>, coordinadora de programes de Salut sexual i VIH d&#8217;ABD.<\/p>\n<h3><strong>Qu\u00e8 \u00e9s Sexus i quins s\u00f3n els seus objectius?<\/strong><\/h3>\n<p>Sexus vol abordar la sexualitat de forma integral i positiva, oferint una informaci\u00f3 objectiva, lliure de judicis morals, promovent l&#8217;autonomia i facilitant a la poblaci\u00f3 adolescent i jove la <strong>presa de decisions sobre la seva propia vida sexual<\/strong>. S&#8217;aborda des d&#8217;una perspectiva feminista, que t\u00e9 en compte les diverses opcions, orientacions sexuals, identitats i expressions de g\u00e8nere.<\/p>\n<p>Els objectius del programa de Sexus s\u00f3n:<\/p>\n<ol>\n<li>Transmetre una <strong>visi\u00f3 positiva de la sexualitat<\/strong> des d&#8217;una perspectiva de g\u00e8nere, intercultural i drets.<\/li>\n<li>Visibilitzar <strong>l&#8217;experi\u00e8ncia i la intervenci\u00f3 del programa i l&#8217;entitat<\/strong> en l&#8217;\u00e0mbit de l&#8217;educaci\u00f3 i la salut afectiva, sexual i reproductiva.<\/li>\n<li>Fer <strong>difusi\u00f3 dels materials audiovisuals i gr\u00e0fics<\/strong> que s&#8217;han anat creant en el desenvolupament d&#8217;altres projectes perqu\u00e8 siguin d&#8217;\u00fas p\u00fablic.<\/li>\n<\/ol>\n<p>Vols m\u00e9s informaci\u00f3? Visita aquest <strong><a href=\"https:\/\/abd.ong\/blog\/ca\/inclusio\/descobreix-el-nou-cataleg-de-tallers-sexus-educacio-i-salut-sexual-afectiva-i-reproductiva-des-duna-perspectiva-de-genere-intercultural-i-de-drets\/\">enlla\u00e7\u00a0<\/a><\/strong>o envia un correu a\u00a0<strong><a href=\"mailto:sexus@abd-ong.org\">sexus@abd-ong.org.<\/a><\/strong><\/p>\n","protected":false},"excerpt":{"rendered":"<p>El programa de l&#8217;Associaci\u00f3 Benestar i Desenvolupament (ABD), Sexus, sobre sexualitats, diversitat i g\u00e8nere, arriba a les instal\u00b7lacions d&#8217;ABD Madrid, des d&#8217;on vol apropar-se als espais d&#8217;oci nocturn i a&hellip;<\/p>\n","protected":false},"author":1,"featured_media":1473,"comment_status":"closed","ping_status":"closed","sticky":false,"template":"","format":"standard","meta":{"_acf_changed":false,"footnotes":""},"categories":[1303],"tags":[119,475,477,476,474,478,337],"class_list":["post-10220","post","type-post","status-publish","format-standard","has-post-thumbnail","hentry","category-infancia-i-familia","tag-abd","tag-feminisme","tag-interculturalitat","tag-perspectiva-feminista","tag-sexualitat","tag-sexualitat-lliure","tag-sexus","ods-educacio-de-qualitat","ods-igualtat-de-genere","right-dret-a-leducacio","right-drets-de-les-dones","right-drets-dels-col-lectius-lgtbiq"],"acf":[],"yoast_head":"<!-- This site is optimized with the Yoast SEO plugin v27.4 - https:\/\/yoast.com\/product\/yoast-seo-wordpress\/ -->\n<title>El projecte d&#039;ABD Sexus, sobre sexualitats, diversitat i g\u00e8nere, arriba a la Comunitat de Madrid - ABD<\/title>\n<meta name=\"description\" content=\"El programa de l&#039;Associaci\u00f3 Benestar i Desenvolupament (ABD), Sexus, sobre sexualitats, diversitat i g\u00e8nere, arriba a les instal\u00b7lacions d&#039;ABD Madrid, des\" \/>\n<meta name=\"robots\" content=\"index, follow, max-snippet:-1, max-image-preview:large, max-video-preview:-1\" \/>\n<link rel=\"canonical\" href=\"https:\/\/abd.ong\/ca\/infancia-i-familia\/programa-sexus-diversitat-genere-madrid\/\" \/>\n<meta property=\"og:locale\" content=\"ca_ES\" \/>\n<meta property=\"og:type\" content=\"article\" \/>\n<meta property=\"og:title\" content=\"El projecte d&#039;ABD Sexus, sobre sexualitats, diversitat i g\u00e8nere, arriba a la Comunitat de Madrid - ABD\" \/>\n<meta property=\"og:description\" content=\"El programa de l&#039;Associaci\u00f3 Benestar i Desenvolupament (ABD), Sexus, sobre sexualitats, diversitat i g\u00e8nere, arriba a les instal\u00b7lacions d&#039;ABD Madrid, des\" \/>\n<meta property=\"og:url\" content=\"https:\/\/abd.ong\/ca\/infancia-i-familia\/programa-sexus-diversitat-genere-madrid\/\" \/>\n<meta property=\"og:site_name\" content=\"ABD\" \/>\n<meta property=\"article:publisher\" content=\"https:\/\/www.facebook.com\/abd.ong\" \/>\n<meta property=\"article:published_time\" content=\"2019-01-16T23:00:00+00:00\" \/>\n<meta property=\"article:modified_time\" content=\"2022-05-24T15:37:51+00:00\" \/>\n<meta property=\"og:image\" content=\"https:\/\/abd.ong\/wp-content\/uploads\/1970\/01\/SexUs-Madrid-1.jpg\" \/>\n\t<meta property=\"og:image:width\" content=\"1597\" \/>\n\t<meta property=\"og:image:height\" content=\"1049\" \/>\n\t<meta property=\"og:image:type\" content=\"image\/jpeg\" \/>\n<meta name=\"author\" content=\"M_Disseny\" \/>\n<meta name=\"twitter:card\" content=\"summary_large_image\" \/>\n<meta name=\"twitter:creator\" content=\"@abd_ong\" \/>\n<meta name=\"twitter:site\" content=\"@abd_ong\" \/>\n<meta name=\"twitter:label1\" content=\"Escrit per\" \/>\n\t<meta name=\"twitter:data1\" content=\"M_Disseny\" \/>\n\t<meta name=\"twitter:label2\" content=\"Temps estimat de lectura\" \/>\n\t<meta name=\"twitter:data2\" content=\"2 minuts\" \/>\n<script type=\"application\/ld+json\" class=\"yoast-schema-graph\">{\"@context\":\"https:\\\/\\\/schema.org\",\"@graph\":[{\"@type\":\"Article\",\"@id\":\"https:\\\/\\\/abd.ong\\\/ca\\\/infancia-i-familia\\\/programa-sexus-diversitat-genere-madrid\\\/#article\",\"isPartOf\":{\"@id\":\"https:\\\/\\\/abd.ong\\\/ca\\\/infancia-i-familia\\\/programa-sexus-diversitat-genere-madrid\\\/\"},\"author\":{\"name\":\"M_Disseny\",\"@id\":\"https:\\\/\\\/abd.ong\\\/ca\\\/#\\\/schema\\\/person\\\/1b9cf116597cda3a4b8900a43c641f6e\"},\"headline\":\"El projecte d&#8217;ABD Sexus, sobre sexualitats, diversitat i g\u00e8nere, arriba a la Comunitat de Madrid\",\"datePublished\":\"2019-01-16T23:00:00+00:00\",\"dateModified\":\"2022-05-24T15:37:51+00:00\",\"mainEntityOfPage\":{\"@id\":\"https:\\\/\\\/abd.ong\\\/ca\\\/infancia-i-familia\\\/programa-sexus-diversitat-genere-madrid\\\/\"},\"wordCount\":382,\"publisher\":{\"@id\":\"https:\\\/\\\/abd.ong\\\/ca\\\/#organization\"},\"image\":{\"@id\":\"https:\\\/\\\/abd.ong\\\/ca\\\/infancia-i-familia\\\/programa-sexus-diversitat-genere-madrid\\\/#primaryimage\"},\"thumbnailUrl\":\"https:\\\/\\\/abd.ong\\\/wp-content\\\/uploads\\\/1970\\\/01\\\/SexUs-Madrid-1.jpg\",\"keywords\":[\"ABD\",\"feminisme\",\"interculturalitat\",\"perspectiva feminista\",\"sexualitat\",\"sexualitat lliure\",\"Sexus\"],\"articleSection\":[\"Inf\u00e0ncia i fam\u00edlia\"],\"inLanguage\":\"ca\"},{\"@type\":\"WebPage\",\"@id\":\"https:\\\/\\\/abd.ong\\\/ca\\\/infancia-i-familia\\\/programa-sexus-diversitat-genere-madrid\\\/\",\"url\":\"https:\\\/\\\/abd.ong\\\/ca\\\/infancia-i-familia\\\/programa-sexus-diversitat-genere-madrid\\\/\",\"name\":\"El projecte d'ABD Sexus, sobre sexualitats, diversitat i g\u00e8nere, arriba a la Comunitat de Madrid - ABD\",\"isPartOf\":{\"@id\":\"https:\\\/\\\/abd.ong\\\/ca\\\/#website\"},\"primaryImageOfPage\":{\"@id\":\"https:\\\/\\\/abd.ong\\\/ca\\\/infancia-i-familia\\\/programa-sexus-diversitat-genere-madrid\\\/#primaryimage\"},\"image\":{\"@id\":\"https:\\\/\\\/abd.ong\\\/ca\\\/infancia-i-familia\\\/programa-sexus-diversitat-genere-madrid\\\/#primaryimage\"},\"thumbnailUrl\":\"https:\\\/\\\/abd.ong\\\/wp-content\\\/uploads\\\/1970\\\/01\\\/SexUs-Madrid-1.jpg\",\"datePublished\":\"2019-01-16T23:00:00+00:00\",\"dateModified\":\"2022-05-24T15:37:51+00:00\",\"description\":\"El programa de l'Associaci\u00f3 Benestar i Desenvolupament (ABD), Sexus, sobre sexualitats, diversitat i g\u00e8nere, arriba a les instal\u00b7lacions d'ABD Madrid, des\",\"breadcrumb\":{\"@id\":\"https:\\\/\\\/abd.ong\\\/ca\\\/infancia-i-familia\\\/programa-sexus-diversitat-genere-madrid\\\/#breadcrumb\"},\"inLanguage\":\"ca\",\"potentialAction\":[{\"@type\":\"ReadAction\",\"target\":[\"https:\\\/\\\/abd.ong\\\/ca\\\/infancia-i-familia\\\/programa-sexus-diversitat-genere-madrid\\\/\"]}]},{\"@type\":\"ImageObject\",\"inLanguage\":\"ca\",\"@id\":\"https:\\\/\\\/abd.ong\\\/ca\\\/infancia-i-familia\\\/programa-sexus-diversitat-genere-madrid\\\/#primaryimage\",\"url\":\"https:\\\/\\\/abd.ong\\\/wp-content\\\/uploads\\\/1970\\\/01\\\/SexUs-Madrid-1.jpg\",\"contentUrl\":\"https:\\\/\\\/abd.ong\\\/wp-content\\\/uploads\\\/1970\\\/01\\\/SexUs-Madrid-1.jpg\",\"width\":1597,\"height\":1049},{\"@type\":\"BreadcrumbList\",\"@id\":\"https:\\\/\\\/abd.ong\\\/ca\\\/infancia-i-familia\\\/programa-sexus-diversitat-genere-madrid\\\/#breadcrumb\",\"itemListElement\":[{\"@type\":\"ListItem\",\"position\":1,\"name\":\"Inici\",\"item\":\"https:\\\/\\\/abd.ong\\\/ca\\\/\"},{\"@type\":\"ListItem\",\"position\":2,\"name\":\"El projecte d&#8217;ABD Sexus, sobre sexualitats, diversitat i g\u00e8nere, arriba a la Comunitat de Madrid\"}]},{\"@type\":\"WebSite\",\"@id\":\"https:\\\/\\\/abd.ong\\\/ca\\\/#website\",\"url\":\"https:\\\/\\\/abd.ong\\\/ca\\\/\",\"name\":\"ABD\",\"description\":\"Asociaci\u00f3n Bienestar y Desarrollo\",\"publisher\":{\"@id\":\"https:\\\/\\\/abd.ong\\\/ca\\\/#organization\"},\"potentialAction\":[{\"@type\":\"SearchAction\",\"target\":{\"@type\":\"EntryPoint\",\"urlTemplate\":\"https:\\\/\\\/abd.ong\\\/ca\\\/?s={search_term_string}\"},\"query-input\":{\"@type\":\"PropertyValueSpecification\",\"valueRequired\":true,\"valueName\":\"search_term_string\"}}],\"inLanguage\":\"ca\"},{\"@type\":\"Organization\",\"@id\":\"https:\\\/\\\/abd.ong\\\/ca\\\/#organization\",\"name\":\"Associaci\u00f3 Benestar i Desenvolupament\",\"alternateName\":\"ABD\",\"url\":\"https:\\\/\\\/abd.ong\\\/ca\\\/\",\"logo\":{\"@type\":\"ImageObject\",\"inLanguage\":\"ca\",\"@id\":\"https:\\\/\\\/abd.ong\\\/ca\\\/#\\\/schema\\\/logo\\\/image\\\/\",\"url\":\"https:\\\/\\\/abd.ong\\\/wp-content\\\/uploads\\\/2023\\\/01\\\/Icona.png\",\"contentUrl\":\"https:\\\/\\\/abd.ong\\\/wp-content\\\/uploads\\\/2023\\\/01\\\/Icona.png\",\"width\":190,\"height\":187,\"caption\":\"Associaci\u00f3 Benestar i Desenvolupament\"},\"image\":{\"@id\":\"https:\\\/\\\/abd.ong\\\/ca\\\/#\\\/schema\\\/logo\\\/image\\\/\"},\"sameAs\":[\"https:\\\/\\\/www.facebook.com\\\/abd.ong\",\"https:\\\/\\\/x.com\\\/abd_ong\",\"https:\\\/\\\/www.instagram.com\\\/abd_ong\\\/\",\"https:\\\/\\\/www.linkedin.com\\\/company\\\/abdong\",\"https:\\\/\\\/www.youtube.com\\\/user\\\/CANALABD\"]},{\"@type\":\"Person\",\"@id\":\"https:\\\/\\\/abd.ong\\\/ca\\\/#\\\/schema\\\/person\\\/1b9cf116597cda3a4b8900a43c641f6e\",\"name\":\"M_Disseny\"}]}<\/script>\n<!-- \/ Yoast SEO plugin. -->","yoast_head_json":{"title":"El projecte d'ABD Sexus, sobre sexualitats, diversitat i g\u00e8nere, arriba a la Comunitat de Madrid - ABD","description":"El programa de l'Associaci\u00f3 Benestar i Desenvolupament (ABD), Sexus, sobre sexualitats, diversitat i g\u00e8nere, arriba a les instal\u00b7lacions d'ABD Madrid, des","robots":{"index":"index","follow":"follow","max-snippet":"max-snippet:-1","max-image-preview":"max-image-preview:large","max-video-preview":"max-video-preview:-1"},"canonical":"https:\/\/abd.ong\/ca\/infancia-i-familia\/programa-sexus-diversitat-genere-madrid\/","og_locale":"ca_ES","og_type":"article","og_title":"El projecte d'ABD Sexus, sobre sexualitats, diversitat i g\u00e8nere, arriba a la Comunitat de Madrid - ABD","og_description":"El programa de l'Associaci\u00f3 Benestar i Desenvolupament (ABD), Sexus, sobre sexualitats, diversitat i g\u00e8nere, arriba a les instal\u00b7lacions d'ABD Madrid, des","og_url":"https:\/\/abd.ong\/ca\/infancia-i-familia\/programa-sexus-diversitat-genere-madrid\/","og_site_name":"ABD","article_publisher":"https:\/\/www.facebook.com\/abd.ong","article_published_time":"2019-01-16T23:00:00+00:00","article_modified_time":"2022-05-24T15:37:51+00:00","og_image":[{"width":1597,"height":1049,"url":"https:\/\/abd.ong\/wp-content\/uploads\/1970\/01\/SexUs-Madrid-1.jpg","type":"image\/jpeg"}],"author":"M_Disseny","twitter_card":"summary_large_image","twitter_creator":"@abd_ong","twitter_site":"@abd_ong","twitter_misc":{"Escrit per":"M_Disseny","Temps estimat de lectura":"2 minuts"},"schema":{"@context":"https:\/\/schema.org","@graph":[{"@type":"Article","@id":"https:\/\/abd.ong\/ca\/infancia-i-familia\/programa-sexus-diversitat-genere-madrid\/#article","isPartOf":{"@id":"https:\/\/abd.ong\/ca\/infancia-i-familia\/programa-sexus-diversitat-genere-madrid\/"},"author":{"name":"M_Disseny","@id":"https:\/\/abd.ong\/ca\/#\/schema\/person\/1b9cf116597cda3a4b8900a43c641f6e"},"headline":"El projecte d&#8217;ABD Sexus, sobre sexualitats, diversitat i g\u00e8nere, arriba a la Comunitat de Madrid","datePublished":"2019-01-16T23:00:00+00:00","dateModified":"2022-05-24T15:37:51+00:00","mainEntityOfPage":{"@id":"https:\/\/abd.ong\/ca\/infancia-i-familia\/programa-sexus-diversitat-genere-madrid\/"},"wordCount":382,"publisher":{"@id":"https:\/\/abd.ong\/ca\/#organization"},"image":{"@id":"https:\/\/abd.ong\/ca\/infancia-i-familia\/programa-sexus-diversitat-genere-madrid\/#primaryimage"},"thumbnailUrl":"https:\/\/abd.ong\/wp-content\/uploads\/1970\/01\/SexUs-Madrid-1.jpg","keywords":["ABD","feminisme","interculturalitat","perspectiva feminista","sexualitat","sexualitat lliure","Sexus"],"articleSection":["Inf\u00e0ncia i fam\u00edlia"],"inLanguage":"ca"},{"@type":"WebPage","@id":"https:\/\/abd.ong\/ca\/infancia-i-familia\/programa-sexus-diversitat-genere-madrid\/","url":"https:\/\/abd.ong\/ca\/infancia-i-familia\/programa-sexus-diversitat-genere-madrid\/","name":"El projecte d'ABD Sexus, sobre sexualitats, diversitat i g\u00e8nere, arriba a la Comunitat de Madrid - ABD","isPartOf":{"@id":"https:\/\/abd.ong\/ca\/#website"},"primaryImageOfPage":{"@id":"https:\/\/abd.ong\/ca\/infancia-i-familia\/programa-sexus-diversitat-genere-madrid\/#primaryimage"},"image":{"@id":"https:\/\/abd.ong\/ca\/infancia-i-familia\/programa-sexus-diversitat-genere-madrid\/#primaryimage"},"thumbnailUrl":"https:\/\/abd.ong\/wp-content\/uploads\/1970\/01\/SexUs-Madrid-1.jpg","datePublished":"2019-01-16T23:00:00+00:00","dateModified":"2022-05-24T15:37:51+00:00","description":"El programa de l'Associaci\u00f3 Benestar i Desenvolupament (ABD), Sexus, sobre sexualitats, diversitat i g\u00e8nere, arriba a les instal\u00b7lacions d'ABD Madrid, des","breadcrumb":{"@id":"https:\/\/abd.ong\/ca\/infancia-i-familia\/programa-sexus-diversitat-genere-madrid\/#breadcrumb"},"inLanguage":"ca","potentialAction":[{"@type":"ReadAction","target":["https:\/\/abd.ong\/ca\/infancia-i-familia\/programa-sexus-diversitat-genere-madrid\/"]}]},{"@type":"ImageObject","inLanguage":"ca","@id":"https:\/\/abd.ong\/ca\/infancia-i-familia\/programa-sexus-diversitat-genere-madrid\/#primaryimage","url":"https:\/\/abd.ong\/wp-content\/uploads\/1970\/01\/SexUs-Madrid-1.jpg","contentUrl":"https:\/\/abd.ong\/wp-content\/uploads\/1970\/01\/SexUs-Madrid-1.jpg","width":1597,"height":1049},{"@type":"BreadcrumbList","@id":"https:\/\/abd.ong\/ca\/infancia-i-familia\/programa-sexus-diversitat-genere-madrid\/#breadcrumb","itemListElement":[{"@type":"ListItem","position":1,"name":"Inici","item":"https:\/\/abd.ong\/ca\/"},{"@type":"ListItem","position":2,"name":"El projecte d&#8217;ABD Sexus, sobre sexualitats, diversitat i g\u00e8nere, arriba a la Comunitat de Madrid"}]},{"@type":"WebSite","@id":"https:\/\/abd.ong\/ca\/#website","url":"https:\/\/abd.ong\/ca\/","name":"ABD","description":"Asociaci\u00f3n Bienestar y Desarrollo","publisher":{"@id":"https:\/\/abd.ong\/ca\/#organization"},"potentialAction":[{"@type":"SearchAction","target":{"@type":"EntryPoint","urlTemplate":"https:\/\/abd.ong\/ca\/?s={search_term_string}"},"query-input":{"@type":"PropertyValueSpecification","valueRequired":true,"valueName":"search_term_string"}}],"inLanguage":"ca"},{"@type":"Organization","@id":"https:\/\/abd.ong\/ca\/#organization","name":"Associaci\u00f3 Benestar i Desenvolupament","alternateName":"ABD","url":"https:\/\/abd.ong\/ca\/","logo":{"@type":"ImageObject","inLanguage":"ca","@id":"https:\/\/abd.ong\/ca\/#\/schema\/logo\/image\/","url":"https:\/\/abd.ong\/wp-content\/uploads\/2023\/01\/Icona.png","contentUrl":"https:\/\/abd.ong\/wp-content\/uploads\/2023\/01\/Icona.png","width":190,"height":187,"caption":"Associaci\u00f3 Benestar i Desenvolupament"},"image":{"@id":"https:\/\/abd.ong\/ca\/#\/schema\/logo\/image\/"},"sameAs":["https:\/\/www.facebook.com\/abd.ong","https:\/\/x.com\/abd_ong","https:\/\/www.instagram.com\/abd_ong\/","https:\/\/www.linkedin.com\/company\/abdong","https:\/\/www.youtube.com\/user\/CANALABD"]},{"@type":"Person","@id":"https:\/\/abd.ong\/ca\/#\/schema\/person\/1b9cf116597cda3a4b8900a43c641f6e","name":"M_Disseny"}]}},"_links":{"self":[{"href":"https:\/\/abd.ong\/ca\/wp-json\/wp\/v2\/posts\/10220","targetHints":{"allow":["GET"]}}],"collection":[{"href":"https:\/\/abd.ong\/ca\/wp-json\/wp\/v2\/posts"}],"about":[{"href":"https:\/\/abd.ong\/ca\/wp-json\/wp\/v2\/types\/post"}],"author":[{"embeddable":true,"href":"https:\/\/abd.ong\/ca\/wp-json\/wp\/v2\/users\/1"}],"replies":[{"embeddable":true,"href":"https:\/\/abd.ong\/ca\/wp-json\/wp\/v2\/comments?post=10220"}],"version-history":[{"count":3,"href":"https:\/\/abd.ong\/ca\/wp-json\/wp\/v2\/posts\/10220\/revisions"}],"predecessor-version":[{"id":33225,"href":"https:\/\/abd.ong\/ca\/wp-json\/wp\/v2\/posts\/10220\/revisions\/33225"}],"wp:featuredmedia":[{"embeddable":true,"href":"https:\/\/abd.ong\/ca\/wp-json\/wp\/v2\/media\/1473"}],"wp:attachment":[{"href":"https:\/\/abd.ong\/ca\/wp-json\/wp\/v2\/media?parent=10220"}],"wp:term":[{"taxonomy":"category","embeddable":true,"href":"https:\/\/abd.ong\/ca\/wp-json\/wp\/v2\/categories?post=10220"},{"taxonomy":"post_tag","embeddable":true,"href":"https:\/\/abd.ong\/ca\/wp-json\/wp\/v2\/tags?post=10220"}],"curies":[{"name":"wp","href":"https:\/\/api.w.org\/{rel}","templated":true}]}}