{"id":10216,"date":"2019-01-15T00:00:00","date_gmt":"2019-01-14T23:00:00","guid":{"rendered":"https:\/\/abd.ong\/sin-categorizar\/sumant-esforcos-col%c2%b7lectius-per-millorar-latencio-de-les-persones-que-es-troben-en-una-situacio-de-fragilitat-social\/"},"modified":"2020-03-03T09:36:56","modified_gmt":"2020-03-03T08:36:56","slug":"sumant-esforcos-col%c2%b7lectius-per-millorar-latencio-de-les-persones-que-es-troben-en-una-situacio-de-fragilitat-social","status":"publish","type":"post","link":"https:\/\/abd.ong\/ca\/general-ca\/sumant-esforcos-col%c2%b7lectius-per-millorar-latencio-de-les-persones-que-es-troben-en-una-situacio-de-fragilitat-social\/","title":{"rendered":"Sumant esfor\u00e7os col\u00b7lectius per millorar l\u2019atenci\u00f3 de les persones que es troben en una situaci\u00f3 de fragilitat social"},"content":{"rendered":"<p>L\u2019inici d\u2019un nou any \u00e9s temps de bons desitjos. \u00c9s l\u2019hora d\u2019encoratjar-nos pels reptes futurs que hem de construir juntes i junts i, al mateix temps, \u00e9s un bon moment per identificar i recon\u00e8ixer all\u00f2 que podem millorar. \u00c9s temps per mirar endavant sense oblidar d\u2019on venim.<\/p>\n<p>El 2018 ha estat un any dif\u00edcil a Catalunya, a Espanya, i tamb\u00e9 a Europa. Vivim en un context social i pol\u00edtic carregat d\u2019incertesa i de complexitat. <strong>Cada vegada hem de fer front a m\u00e9s necessitats socials amb uns alts \u00edndexs de desigualtat i una pobresa que es cronifica<\/strong>. I, al mateix temps, tenim m\u00e9s dificultats per poder-hi donar una resposta adequada amb un nivell d\u2019inversi\u00f3 social que no \u00e9s suficient.<\/p>\n<p>&nbsp;<\/p>\n<p><a href=\"https:\/\/abd.ong\/blog\/wp-content\/uploads\/2019\/01\/Consell-directiu_2-e1547541133162.jpg\"><img fetchpriority=\"high\" decoding=\"async\" class=\"aligncenter size-medium wp-image-3243\" src=\"https:\/\/abd.ong\/blog\/wp-content\/uploads\/2019\/01\/Consell-directiu_2-300x217.jpg\" alt=\"\" width=\"300\" height=\"217\" \/><\/a><\/p>\n<p>&nbsp;<\/p>\n<p>Davant d\u2019aquesta situaci\u00f3 tan complexa, la nostra tasca esdev\u00e9 m\u00e9s vital que mai. Per aix\u00f2 <strong>valorem molt positivament que en aquest any que deixem enrere h\u00e0gim seguit sumant esfor\u00e7os col\u00b7lectius \u00a0per millorar l\u2019atenci\u00f3 de les persones que es troben en una situaci\u00f3 de fragilitat social<\/strong>. Continuem avan\u00e7ant cap a la transformaci\u00f3 que busquem.<\/p>\n<h3><strong>Full de ruta 2018-2021<\/strong><\/h3>\n<p>Tamb\u00e9 volem destacar que durant l\u2019any passat vam comen\u00e7ar a desplegar un <a href=\"https:\/\/abd.ong\/uploads\/EstrategiaCAT1.pdf\">nou pla estrat\u00e8gic 2018-2021<\/a> que vam fer entre totes i tots. \u00a0Aquest full de ruta ens marca el cam\u00ed cap a on dirigir els nostres esfor\u00e7os. I recordem, t\u00e9 quatre grans l\u00ednies:<\/p>\n<ul>\n<li>Reconeixement<\/li>\n<li>Comprom\u00eds social<\/li>\n<li>Aprenentatge mutu i gesti\u00f3 de l\u2019entitat com a patrimoni com\u00fa<\/li>\n<li>Qualitat i innovaci\u00f3<\/li>\n<\/ul>\n<h3><strong>Organitzaci\u00f3 atenta, flexible i transversal<\/strong><\/h3>\n<p>Per al 2019 volem fer nous passos per assolir <strong>una organitzaci\u00f3 m\u00e9s atenta, flexible i transversal que promogui la innovaci\u00f3, l\u2019an\u00e0lisi de l\u2019entorn, la comunicaci\u00f3 constant, el voluntariat i la participaci\u00f3 de les persones que acompanyem<\/strong>. De la mateixa manera, tamb\u00e9 tenim sobre la taula el repte d\u2019incrementar i diversificar amb fons p\u00fablics i privats els serveis i projectes que portem a terme.<\/p>\n<p>Creiem que \u00e9s <strong>des de la implicaci\u00f3 personal i col\u00b7lectiva, des de la participaci\u00f3 activa de les persones com tu, que es pot transformar aquesta societat<\/strong>. Des del comprom\u00eds actiu podem construir una societat m\u00e9s justa, amb m\u00e9s drets i amb m\u00e9s oportunitats per a totes les persones.<\/p>\n<p>Bon any!<\/p>\n<p>&nbsp;<\/p>\n<p><strong>CONSELL DIRECTIU<\/strong><\/p>\n","protected":false},"excerpt":{"rendered":"<p>L\u2019inici d\u2019un nou any \u00e9s temps de bons desitjos. \u00c9s l\u2019hora d\u2019encoratjar-nos pels reptes futurs que hem de construir juntes i junts i, al mateix temps, \u00e9s un bon moment&hellip;<\/p>\n","protected":false},"author":1,"featured_media":1451,"comment_status":"closed","ping_status":"closed","sticky":false,"template":"","format":"standard","meta":{"_acf_changed":false,"footnotes":""},"categories":[66],"tags":[119,1257,1256],"class_list":["post-10216","post","type-post","status-publish","format-standard","has-post-thumbnail","hentry","category-general-ca","tag-abd","tag-desigualtat-ca-2","tag-pobresa-ca-2","ods-aliances-per-assolir-els-objectius","right-dret-a-la-llibertat-dexpressio","right-dret-a-la-participacio-ciutadana"],"acf":[],"yoast_head":"<!-- This site is optimized with the Yoast SEO plugin v27.4 - https:\/\/yoast.com\/product\/yoast-seo-wordpress\/ -->\n<title>Sumant esfor\u00e7os col\u00b7lectius per millorar l\u2019atenci\u00f3 de les persones que es troben en una situaci\u00f3 de fragilitat social - ABD<\/title>\n<meta name=\"description\" content=\"L\u2019inici d\u2019un nou any \u00e9s temps de bons desitjos. \u00c9s l\u2019hora d\u2019encoratjar-nos pels reptes futurs que hem de construir juntes i junts i, al mateix temps, \u00e9s\" \/>\n<meta name=\"robots\" content=\"index, follow, max-snippet:-1, max-image-preview:large, max-video-preview:-1\" \/>\n<link rel=\"canonical\" href=\"https:\/\/abd.ong\/ca\/general-ca\/sumant-esforcos-col%c2%b7lectius-per-millorar-latencio-de-les-persones-que-es-troben-en-una-situacio-de-fragilitat-social\/\" \/>\n<meta property=\"og:locale\" content=\"ca_ES\" \/>\n<meta property=\"og:type\" content=\"article\" \/>\n<meta property=\"og:title\" content=\"Sumant esfor\u00e7os col\u00b7lectius per millorar l\u2019atenci\u00f3 de les persones que es troben en una situaci\u00f3 de fragilitat social - ABD\" \/>\n<meta property=\"og:description\" content=\"L\u2019inici d\u2019un nou any \u00e9s temps de bons desitjos. \u00c9s l\u2019hora d\u2019encoratjar-nos pels reptes futurs que hem de construir juntes i junts i, al mateix temps, \u00e9s\" \/>\n<meta property=\"og:url\" content=\"https:\/\/abd.ong\/ca\/general-ca\/sumant-esforcos-col%c2%b7lectius-per-millorar-latencio-de-les-persones-que-es-troben-en-una-situacio-de-fragilitat-social\/\" \/>\n<meta property=\"og:site_name\" content=\"ABD\" \/>\n<meta property=\"article:publisher\" content=\"https:\/\/www.facebook.com\/abd.ong\" \/>\n<meta property=\"article:published_time\" content=\"2019-01-14T23:00:00+00:00\" \/>\n<meta property=\"article:modified_time\" content=\"2020-03-03T08:36:56+00:00\" \/>\n<meta property=\"og:image\" content=\"https:\/\/abd.ong\/wp-content\/uploads\/1970\/01\/Consell-directiu_1-e1547539551544.jpg\" \/>\n\t<meta property=\"og:image:width\" content=\"800\" \/>\n\t<meta property=\"og:image:height\" content=\"626\" \/>\n\t<meta property=\"og:image:type\" content=\"image\/jpeg\" \/>\n<meta name=\"author\" content=\"M_Disseny\" \/>\n<meta name=\"twitter:card\" content=\"summary_large_image\" \/>\n<meta name=\"twitter:creator\" content=\"@abd_ong\" \/>\n<meta name=\"twitter:site\" content=\"@abd_ong\" \/>\n<meta name=\"twitter:label1\" content=\"Escrit per\" \/>\n\t<meta name=\"twitter:data1\" content=\"M_Disseny\" \/>\n\t<meta name=\"twitter:label2\" content=\"Temps estimat de lectura\" \/>\n\t<meta name=\"twitter:data2\" content=\"2 minuts\" \/>\n<script type=\"application\/ld+json\" class=\"yoast-schema-graph\">{\"@context\":\"https:\\\/\\\/schema.org\",\"@graph\":[{\"@type\":\"Article\",\"@id\":\"https:\\\/\\\/abd.ong\\\/ca\\\/general-ca\\\/sumant-esforcos-col%c2%b7lectius-per-millorar-latencio-de-les-persones-que-es-troben-en-una-situacio-de-fragilitat-social\\\/#article\",\"isPartOf\":{\"@id\":\"https:\\\/\\\/abd.ong\\\/ca\\\/general-ca\\\/sumant-esforcos-col%c2%b7lectius-per-millorar-latencio-de-les-persones-que-es-troben-en-una-situacio-de-fragilitat-social\\\/\"},\"author\":{\"name\":\"M_Disseny\",\"@id\":\"https:\\\/\\\/abd.ong\\\/ca\\\/#\\\/schema\\\/person\\\/1b9cf116597cda3a4b8900a43c641f6e\"},\"headline\":\"Sumant esfor\u00e7os col\u00b7lectius per millorar l\u2019atenci\u00f3 de les persones que es troben en una situaci\u00f3 de fragilitat social\",\"datePublished\":\"2019-01-14T23:00:00+00:00\",\"dateModified\":\"2020-03-03T08:36:56+00:00\",\"mainEntityOfPage\":{\"@id\":\"https:\\\/\\\/abd.ong\\\/ca\\\/general-ca\\\/sumant-esforcos-col%c2%b7lectius-per-millorar-latencio-de-les-persones-que-es-troben-en-una-situacio-de-fragilitat-social\\\/\"},\"wordCount\":414,\"publisher\":{\"@id\":\"https:\\\/\\\/abd.ong\\\/ca\\\/#organization\"},\"image\":{\"@id\":\"https:\\\/\\\/abd.ong\\\/ca\\\/general-ca\\\/sumant-esforcos-col%c2%b7lectius-per-millorar-latencio-de-les-persones-que-es-troben-en-una-situacio-de-fragilitat-social\\\/#primaryimage\"},\"thumbnailUrl\":\"https:\\\/\\\/abd.ong\\\/wp-content\\\/uploads\\\/1970\\\/01\\\/Consell-directiu_1-e1547539551544.jpg\",\"keywords\":[\"ABD\",\"desigualtat\",\"pobresa\"],\"articleSection\":[\"General\"],\"inLanguage\":\"ca\"},{\"@type\":\"WebPage\",\"@id\":\"https:\\\/\\\/abd.ong\\\/ca\\\/general-ca\\\/sumant-esforcos-col%c2%b7lectius-per-millorar-latencio-de-les-persones-que-es-troben-en-una-situacio-de-fragilitat-social\\\/\",\"url\":\"https:\\\/\\\/abd.ong\\\/ca\\\/general-ca\\\/sumant-esforcos-col%c2%b7lectius-per-millorar-latencio-de-les-persones-que-es-troben-en-una-situacio-de-fragilitat-social\\\/\",\"name\":\"Sumant esfor\u00e7os col\u00b7lectius per millorar l\u2019atenci\u00f3 de les persones que es troben en una situaci\u00f3 de fragilitat social - ABD\",\"isPartOf\":{\"@id\":\"https:\\\/\\\/abd.ong\\\/ca\\\/#website\"},\"primaryImageOfPage\":{\"@id\":\"https:\\\/\\\/abd.ong\\\/ca\\\/general-ca\\\/sumant-esforcos-col%c2%b7lectius-per-millorar-latencio-de-les-persones-que-es-troben-en-una-situacio-de-fragilitat-social\\\/#primaryimage\"},\"image\":{\"@id\":\"https:\\\/\\\/abd.ong\\\/ca\\\/general-ca\\\/sumant-esforcos-col%c2%b7lectius-per-millorar-latencio-de-les-persones-que-es-troben-en-una-situacio-de-fragilitat-social\\\/#primaryimage\"},\"thumbnailUrl\":\"https:\\\/\\\/abd.ong\\\/wp-content\\\/uploads\\\/1970\\\/01\\\/Consell-directiu_1-e1547539551544.jpg\",\"datePublished\":\"2019-01-14T23:00:00+00:00\",\"dateModified\":\"2020-03-03T08:36:56+00:00\",\"description\":\"L\u2019inici d\u2019un nou any \u00e9s temps de bons desitjos. \u00c9s l\u2019hora d\u2019encoratjar-nos pels reptes futurs que hem de construir juntes i junts i, al mateix temps, \u00e9s\",\"breadcrumb\":{\"@id\":\"https:\\\/\\\/abd.ong\\\/ca\\\/general-ca\\\/sumant-esforcos-col%c2%b7lectius-per-millorar-latencio-de-les-persones-que-es-troben-en-una-situacio-de-fragilitat-social\\\/#breadcrumb\"},\"inLanguage\":\"ca\",\"potentialAction\":[{\"@type\":\"ReadAction\",\"target\":[\"https:\\\/\\\/abd.ong\\\/ca\\\/general-ca\\\/sumant-esforcos-col%c2%b7lectius-per-millorar-latencio-de-les-persones-que-es-troben-en-una-situacio-de-fragilitat-social\\\/\"]}]},{\"@type\":\"ImageObject\",\"inLanguage\":\"ca\",\"@id\":\"https:\\\/\\\/abd.ong\\\/ca\\\/general-ca\\\/sumant-esforcos-col%c2%b7lectius-per-millorar-latencio-de-les-persones-que-es-troben-en-una-situacio-de-fragilitat-social\\\/#primaryimage\",\"url\":\"https:\\\/\\\/abd.ong\\\/wp-content\\\/uploads\\\/1970\\\/01\\\/Consell-directiu_1-e1547539551544.jpg\",\"contentUrl\":\"https:\\\/\\\/abd.ong\\\/wp-content\\\/uploads\\\/1970\\\/01\\\/Consell-directiu_1-e1547539551544.jpg\",\"width\":800,\"height\":626},{\"@type\":\"BreadcrumbList\",\"@id\":\"https:\\\/\\\/abd.ong\\\/ca\\\/general-ca\\\/sumant-esforcos-col%c2%b7lectius-per-millorar-latencio-de-les-persones-que-es-troben-en-una-situacio-de-fragilitat-social\\\/#breadcrumb\",\"itemListElement\":[{\"@type\":\"ListItem\",\"position\":1,\"name\":\"Inici\",\"item\":\"https:\\\/\\\/abd.ong\\\/ca\\\/\"},{\"@type\":\"ListItem\",\"position\":2,\"name\":\"Sumant esfor\u00e7os col\u00b7lectius per millorar l\u2019atenci\u00f3 de les persones que es troben en una situaci\u00f3 de fragilitat social\"}]},{\"@type\":\"WebSite\",\"@id\":\"https:\\\/\\\/abd.ong\\\/ca\\\/#website\",\"url\":\"https:\\\/\\\/abd.ong\\\/ca\\\/\",\"name\":\"ABD\",\"description\":\"Asociaci\u00f3n Bienestar y Desarrollo\",\"publisher\":{\"@id\":\"https:\\\/\\\/abd.ong\\\/ca\\\/#organization\"},\"potentialAction\":[{\"@type\":\"SearchAction\",\"target\":{\"@type\":\"EntryPoint\",\"urlTemplate\":\"https:\\\/\\\/abd.ong\\\/ca\\\/?s={search_term_string}\"},\"query-input\":{\"@type\":\"PropertyValueSpecification\",\"valueRequired\":true,\"valueName\":\"search_term_string\"}}],\"inLanguage\":\"ca\"},{\"@type\":\"Organization\",\"@id\":\"https:\\\/\\\/abd.ong\\\/ca\\\/#organization\",\"name\":\"Associaci\u00f3 Benestar i Desenvolupament\",\"alternateName\":\"ABD\",\"url\":\"https:\\\/\\\/abd.ong\\\/ca\\\/\",\"logo\":{\"@type\":\"ImageObject\",\"inLanguage\":\"ca\",\"@id\":\"https:\\\/\\\/abd.ong\\\/ca\\\/#\\\/schema\\\/logo\\\/image\\\/\",\"url\":\"https:\\\/\\\/abd.ong\\\/wp-content\\\/uploads\\\/2023\\\/01\\\/Icona.png\",\"contentUrl\":\"https:\\\/\\\/abd.ong\\\/wp-content\\\/uploads\\\/2023\\\/01\\\/Icona.png\",\"width\":190,\"height\":187,\"caption\":\"Associaci\u00f3 Benestar i Desenvolupament\"},\"image\":{\"@id\":\"https:\\\/\\\/abd.ong\\\/ca\\\/#\\\/schema\\\/logo\\\/image\\\/\"},\"sameAs\":[\"https:\\\/\\\/www.facebook.com\\\/abd.ong\",\"https:\\\/\\\/x.com\\\/abd_ong\",\"https:\\\/\\\/www.instagram.com\\\/abd_ong\\\/\",\"https:\\\/\\\/www.linkedin.com\\\/company\\\/abdong\",\"https:\\\/\\\/www.youtube.com\\\/user\\\/CANALABD\"]},{\"@type\":\"Person\",\"@id\":\"https:\\\/\\\/abd.ong\\\/ca\\\/#\\\/schema\\\/person\\\/1b9cf116597cda3a4b8900a43c641f6e\",\"name\":\"M_Disseny\"}]}<\/script>\n<!-- \/ Yoast SEO plugin. -->","yoast_head_json":{"title":"Sumant esfor\u00e7os col\u00b7lectius per millorar l\u2019atenci\u00f3 de les persones que es troben en una situaci\u00f3 de fragilitat social - ABD","description":"L\u2019inici d\u2019un nou any \u00e9s temps de bons desitjos. \u00c9s l\u2019hora d\u2019encoratjar-nos pels reptes futurs que hem de construir juntes i junts i, al mateix temps, \u00e9s","robots":{"index":"index","follow":"follow","max-snippet":"max-snippet:-1","max-image-preview":"max-image-preview:large","max-video-preview":"max-video-preview:-1"},"canonical":"https:\/\/abd.ong\/ca\/general-ca\/sumant-esforcos-col%c2%b7lectius-per-millorar-latencio-de-les-persones-que-es-troben-en-una-situacio-de-fragilitat-social\/","og_locale":"ca_ES","og_type":"article","og_title":"Sumant esfor\u00e7os col\u00b7lectius per millorar l\u2019atenci\u00f3 de les persones que es troben en una situaci\u00f3 de fragilitat social - ABD","og_description":"L\u2019inici d\u2019un nou any \u00e9s temps de bons desitjos. \u00c9s l\u2019hora d\u2019encoratjar-nos pels reptes futurs que hem de construir juntes i junts i, al mateix temps, \u00e9s","og_url":"https:\/\/abd.ong\/ca\/general-ca\/sumant-esforcos-col%c2%b7lectius-per-millorar-latencio-de-les-persones-que-es-troben-en-una-situacio-de-fragilitat-social\/","og_site_name":"ABD","article_publisher":"https:\/\/www.facebook.com\/abd.ong","article_published_time":"2019-01-14T23:00:00+00:00","article_modified_time":"2020-03-03T08:36:56+00:00","og_image":[{"width":800,"height":626,"url":"https:\/\/abd.ong\/wp-content\/uploads\/1970\/01\/Consell-directiu_1-e1547539551544.jpg","type":"image\/jpeg"}],"author":"M_Disseny","twitter_card":"summary_large_image","twitter_creator":"@abd_ong","twitter_site":"@abd_ong","twitter_misc":{"Escrit per":"M_Disseny","Temps estimat de lectura":"2 minuts"},"schema":{"@context":"https:\/\/schema.org","@graph":[{"@type":"Article","@id":"https:\/\/abd.ong\/ca\/general-ca\/sumant-esforcos-col%c2%b7lectius-per-millorar-latencio-de-les-persones-que-es-troben-en-una-situacio-de-fragilitat-social\/#article","isPartOf":{"@id":"https:\/\/abd.ong\/ca\/general-ca\/sumant-esforcos-col%c2%b7lectius-per-millorar-latencio-de-les-persones-que-es-troben-en-una-situacio-de-fragilitat-social\/"},"author":{"name":"M_Disseny","@id":"https:\/\/abd.ong\/ca\/#\/schema\/person\/1b9cf116597cda3a4b8900a43c641f6e"},"headline":"Sumant esfor\u00e7os col\u00b7lectius per millorar l\u2019atenci\u00f3 de les persones que es troben en una situaci\u00f3 de fragilitat social","datePublished":"2019-01-14T23:00:00+00:00","dateModified":"2020-03-03T08:36:56+00:00","mainEntityOfPage":{"@id":"https:\/\/abd.ong\/ca\/general-ca\/sumant-esforcos-col%c2%b7lectius-per-millorar-latencio-de-les-persones-que-es-troben-en-una-situacio-de-fragilitat-social\/"},"wordCount":414,"publisher":{"@id":"https:\/\/abd.ong\/ca\/#organization"},"image":{"@id":"https:\/\/abd.ong\/ca\/general-ca\/sumant-esforcos-col%c2%b7lectius-per-millorar-latencio-de-les-persones-que-es-troben-en-una-situacio-de-fragilitat-social\/#primaryimage"},"thumbnailUrl":"https:\/\/abd.ong\/wp-content\/uploads\/1970\/01\/Consell-directiu_1-e1547539551544.jpg","keywords":["ABD","desigualtat","pobresa"],"articleSection":["General"],"inLanguage":"ca"},{"@type":"WebPage","@id":"https:\/\/abd.ong\/ca\/general-ca\/sumant-esforcos-col%c2%b7lectius-per-millorar-latencio-de-les-persones-que-es-troben-en-una-situacio-de-fragilitat-social\/","url":"https:\/\/abd.ong\/ca\/general-ca\/sumant-esforcos-col%c2%b7lectius-per-millorar-latencio-de-les-persones-que-es-troben-en-una-situacio-de-fragilitat-social\/","name":"Sumant esfor\u00e7os col\u00b7lectius per millorar l\u2019atenci\u00f3 de les persones que es troben en una situaci\u00f3 de fragilitat social - ABD","isPartOf":{"@id":"https:\/\/abd.ong\/ca\/#website"},"primaryImageOfPage":{"@id":"https:\/\/abd.ong\/ca\/general-ca\/sumant-esforcos-col%c2%b7lectius-per-millorar-latencio-de-les-persones-que-es-troben-en-una-situacio-de-fragilitat-social\/#primaryimage"},"image":{"@id":"https:\/\/abd.ong\/ca\/general-ca\/sumant-esforcos-col%c2%b7lectius-per-millorar-latencio-de-les-persones-que-es-troben-en-una-situacio-de-fragilitat-social\/#primaryimage"},"thumbnailUrl":"https:\/\/abd.ong\/wp-content\/uploads\/1970\/01\/Consell-directiu_1-e1547539551544.jpg","datePublished":"2019-01-14T23:00:00+00:00","dateModified":"2020-03-03T08:36:56+00:00","description":"L\u2019inici d\u2019un nou any \u00e9s temps de bons desitjos. \u00c9s l\u2019hora d\u2019encoratjar-nos pels reptes futurs que hem de construir juntes i junts i, al mateix temps, \u00e9s","breadcrumb":{"@id":"https:\/\/abd.ong\/ca\/general-ca\/sumant-esforcos-col%c2%b7lectius-per-millorar-latencio-de-les-persones-que-es-troben-en-una-situacio-de-fragilitat-social\/#breadcrumb"},"inLanguage":"ca","potentialAction":[{"@type":"ReadAction","target":["https:\/\/abd.ong\/ca\/general-ca\/sumant-esforcos-col%c2%b7lectius-per-millorar-latencio-de-les-persones-que-es-troben-en-una-situacio-de-fragilitat-social\/"]}]},{"@type":"ImageObject","inLanguage":"ca","@id":"https:\/\/abd.ong\/ca\/general-ca\/sumant-esforcos-col%c2%b7lectius-per-millorar-latencio-de-les-persones-que-es-troben-en-una-situacio-de-fragilitat-social\/#primaryimage","url":"https:\/\/abd.ong\/wp-content\/uploads\/1970\/01\/Consell-directiu_1-e1547539551544.jpg","contentUrl":"https:\/\/abd.ong\/wp-content\/uploads\/1970\/01\/Consell-directiu_1-e1547539551544.jpg","width":800,"height":626},{"@type":"BreadcrumbList","@id":"https:\/\/abd.ong\/ca\/general-ca\/sumant-esforcos-col%c2%b7lectius-per-millorar-latencio-de-les-persones-que-es-troben-en-una-situacio-de-fragilitat-social\/#breadcrumb","itemListElement":[{"@type":"ListItem","position":1,"name":"Inici","item":"https:\/\/abd.ong\/ca\/"},{"@type":"ListItem","position":2,"name":"Sumant esfor\u00e7os col\u00b7lectius per millorar l\u2019atenci\u00f3 de les persones que es troben en una situaci\u00f3 de fragilitat social"}]},{"@type":"WebSite","@id":"https:\/\/abd.ong\/ca\/#website","url":"https:\/\/abd.ong\/ca\/","name":"ABD","description":"Asociaci\u00f3n Bienestar y Desarrollo","publisher":{"@id":"https:\/\/abd.ong\/ca\/#organization"},"potentialAction":[{"@type":"SearchAction","target":{"@type":"EntryPoint","urlTemplate":"https:\/\/abd.ong\/ca\/?s={search_term_string}"},"query-input":{"@type":"PropertyValueSpecification","valueRequired":true,"valueName":"search_term_string"}}],"inLanguage":"ca"},{"@type":"Organization","@id":"https:\/\/abd.ong\/ca\/#organization","name":"Associaci\u00f3 Benestar i Desenvolupament","alternateName":"ABD","url":"https:\/\/abd.ong\/ca\/","logo":{"@type":"ImageObject","inLanguage":"ca","@id":"https:\/\/abd.ong\/ca\/#\/schema\/logo\/image\/","url":"https:\/\/abd.ong\/wp-content\/uploads\/2023\/01\/Icona.png","contentUrl":"https:\/\/abd.ong\/wp-content\/uploads\/2023\/01\/Icona.png","width":190,"height":187,"caption":"Associaci\u00f3 Benestar i Desenvolupament"},"image":{"@id":"https:\/\/abd.ong\/ca\/#\/schema\/logo\/image\/"},"sameAs":["https:\/\/www.facebook.com\/abd.ong","https:\/\/x.com\/abd_ong","https:\/\/www.instagram.com\/abd_ong\/","https:\/\/www.linkedin.com\/company\/abdong","https:\/\/www.youtube.com\/user\/CANALABD"]},{"@type":"Person","@id":"https:\/\/abd.ong\/ca\/#\/schema\/person\/1b9cf116597cda3a4b8900a43c641f6e","name":"M_Disseny"}]}},"_links":{"self":[{"href":"https:\/\/abd.ong\/ca\/wp-json\/wp\/v2\/posts\/10216","targetHints":{"allow":["GET"]}}],"collection":[{"href":"https:\/\/abd.ong\/ca\/wp-json\/wp\/v2\/posts"}],"about":[{"href":"https:\/\/abd.ong\/ca\/wp-json\/wp\/v2\/types\/post"}],"author":[{"embeddable":true,"href":"https:\/\/abd.ong\/ca\/wp-json\/wp\/v2\/users\/1"}],"replies":[{"embeddable":true,"href":"https:\/\/abd.ong\/ca\/wp-json\/wp\/v2\/comments?post=10216"}],"version-history":[{"count":1,"href":"https:\/\/abd.ong\/ca\/wp-json\/wp\/v2\/posts\/10216\/revisions"}],"predecessor-version":[{"id":10758,"href":"https:\/\/abd.ong\/ca\/wp-json\/wp\/v2\/posts\/10216\/revisions\/10758"}],"wp:featuredmedia":[{"embeddable":true,"href":"https:\/\/abd.ong\/ca\/wp-json\/wp\/v2\/media\/1451"}],"wp:attachment":[{"href":"https:\/\/abd.ong\/ca\/wp-json\/wp\/v2\/media?parent=10216"}],"wp:term":[{"taxonomy":"category","embeddable":true,"href":"https:\/\/abd.ong\/ca\/wp-json\/wp\/v2\/categories?post=10216"},{"taxonomy":"post_tag","embeddable":true,"href":"https:\/\/abd.ong\/ca\/wp-json\/wp\/v2\/tags?post=10216"}],"curies":[{"name":"wp","href":"https:\/\/api.w.org\/{rel}","templated":true}]}}