{"id":10204,"date":"2018-12-27T00:00:00","date_gmt":"2018-12-26T23:00:00","guid":{"rendered":"https:\/\/abd.ong\/sin-categorizar\/abd-celebra-la-festa-de-nadal-amb-diverses-activitats-pels-infants-dusuaris-i-usuaries\/"},"modified":"2021-02-17T18:35:11","modified_gmt":"2021-02-17T17:35:11","slug":"abd-celebra-la-festa-de-nadal-amb-diverses-activitats-pels-infants-dusuaris-i-usuaries","status":"publish","type":"post","link":"https:\/\/abd.ong\/ca\/general-ca\/abd-celebra-la-festa-de-nadal-amb-diverses-activitats-pels-infants-dusuaris-i-usuaries\/","title":{"rendered":"ABD celebra la festa de Nadal amb diverses activitats pels infants d&#8217;usuaris i usu\u00e0ries"},"content":{"rendered":"<p>L&#8217;<strong><a href=\"https:\/\/abd.ong\">Associaci\u00f3 Benestar i Desenvolupament<\/a> (ABD)<\/strong> ha celebrat aquesta setmana la ja quotidiana <strong>festa de Nadal<\/strong> amb diverses activitats com un taller de pintura creativa, un de pintura de cara, un de xapes, i un photocall, amb la intenci\u00f3 de donar un <strong>espai d&#8217;oci als infants d&#8217;usuaris i usuaries<\/strong> dels serveis de l&#8217;entitat.<\/p>\n<p>Una de les principals activitats de la tarda ha estat la de fer <strong>cagar el ti\u00f3<\/strong>, que ha regalat obsequis a tots els i les petites participants. De la mateixa manera, tamb\u00e9 ha tingut \u00e8xit la xocolatada, servida a mitja tarda.<\/p>\n<p><strong>Bon Nadal i bones festes!<\/strong><\/p>\n<p>&nbsp;<\/p>\n<h3>Algunes fotos de la jornada:<\/h3>\n<p><a href=\"https:\/\/abd.ong\/blog\/wp-content\/uploads\/2018\/12\/DSC_5302a.jpg\"><img fetchpriority=\"high\" decoding=\"async\" class=\" wp-image-2986 alignleft\" src=\"https:\/\/abd.ong\/blog\/wp-content\/uploads\/2018\/12\/DSC_5302a-300x200.jpg\" alt=\"\" width=\"341\" height=\"227\" \/><\/a> <a href=\"https:\/\/abd.ong\/blog\/wp-content\/uploads\/2018\/12\/DSC_5327a.jpg\"><img decoding=\"async\" class=\" wp-image-2992 alignleft\" src=\"https:\/\/abd.ong\/blog\/wp-content\/uploads\/2018\/12\/DSC_5327a-300x199.jpg\" alt=\"\" width=\"344\" height=\"229\" \/><\/a><a href=\"https:\/\/abd.ong\/blog\/wp-content\/uploads\/2018\/12\/DSC_5398a.jpg\"><img decoding=\"async\" class=\" wp-image-2998 alignleft\" src=\"https:\/\/abd.ong\/blog\/wp-content\/uploads\/2018\/12\/DSC_5398a-300x200.jpg\" alt=\"\" width=\"339\" height=\"226\" \/><\/a> <a href=\"https:\/\/abd.ong\/blog\/wp-content\/uploads\/2018\/12\/DSC_5460a.jpg\"><img loading=\"lazy\" decoding=\"async\" class=\" wp-image-2989 alignleft\" src=\"https:\/\/abd.ong\/blog\/wp-content\/uploads\/2018\/12\/DSC_5322a-300x200.jpg\" alt=\"\" width=\"342\" height=\"229\" \/><img loading=\"lazy\" decoding=\"async\" class=\" wp-image-3010 alignleft\" src=\"https:\/\/abd.ong\/blog\/wp-content\/uploads\/2018\/12\/DSC_5460a-300x200.jpg\" alt=\"\" width=\"338\" height=\"225\" \/><\/a> <a href=\"https:\/\/abd.ong\/blog\/wp-content\/uploads\/2018\/12\/DSC_5467a.jpg\"><img loading=\"lazy\" decoding=\"async\" class=\" wp-image-3013 alignleft\" src=\"https:\/\/abd.ong\/blog\/wp-content\/uploads\/2018\/12\/DSC_5467a-300x200.jpg\" alt=\"\" width=\"341\" height=\"228\" \/><\/a><\/p>\n<p>&nbsp;<\/p>\n<p>&nbsp;<\/p>\n<p>&nbsp;<\/p>\n<p>&nbsp;<\/p>\n<p>&nbsp;<\/p>\n<p>&nbsp;<\/p>\n<p>&nbsp;<\/p>\n<p>&nbsp;<\/p>\n<p>&nbsp;<\/p>\n<p>&nbsp;<\/p>\n<p>&nbsp;<\/p>\n<p>&nbsp;<\/p>\n<p>&nbsp;<\/p>\n<p><a href=\"https:\/\/abd.ong\/blog\/wp-content\/uploads\/2018\/12\/DSC_5282a.jpg\"><img loading=\"lazy\" decoding=\"async\" class=\" wp-image-2977 alignleft\" src=\"https:\/\/abd.ong\/blog\/wp-content\/uploads\/2018\/12\/DSC_5282a-300x188.jpg\" alt=\"\" width=\"340\" height=\"213\" \/><\/a> <a href=\"https:\/\/abd.ong\/blog\/wp-content\/uploads\/2018\/12\/DSC_5513a.jpg\"><img loading=\"lazy\" decoding=\"async\" class=\" wp-image-3016 alignleft\" src=\"https:\/\/abd.ong\/blog\/wp-content\/uploads\/2018\/12\/DSC_5513a-300x200.jpg\" alt=\"\" width=\"320\" height=\"213\" \/><\/a><\/p>\n<p><a href=\"https:\/\/abd.ong\/blog\/wp-content\/uploads\/2018\/12\/DSC_5552a.jpg\"><img loading=\"lazy\" decoding=\"async\" class=\" wp-image-3019 alignleft\" src=\"https:\/\/abd.ong\/blog\/wp-content\/uploads\/2018\/12\/DSC_5552a-300x200.jpg\" alt=\"\" width=\"341\" height=\"227\" \/><\/a><\/p>\n","protected":false},"excerpt":{"rendered":"<p>L&#8217;Associaci\u00f3 Benestar i Desenvolupament (ABD) ha celebrat aquesta setmana la ja quotidiana festa de Nadal amb diverses activitats com un taller de pintura creativa, un de pintura de cara, un&hellip;<\/p>\n","protected":false},"author":1,"featured_media":1315,"comment_status":"closed","ping_status":"closed","sticky":false,"template":"","format":"standard","meta":{"_acf_changed":false,"footnotes":""},"categories":[66],"tags":[119,432,431,430,149],"class_list":["post-10204","post","type-post","status-publish","format-standard","has-post-thumbnail","hentry","category-general-ca","tag-abd","tag-cagatio","tag-celebracio","tag-festa-nadal","tag-infancia","ods-fi-de-la-pobresa","ods-reduccio-de-les-desigualtats","right-dret-a-leducacio","right-dret-a-la-participacio-ciutadana","right-drets-de-la-infancia"],"acf":[],"yoast_head":"<!-- This site is optimized with the Yoast SEO plugin v27.4 - https:\/\/yoast.com\/product\/yoast-seo-wordpress\/ -->\n<title>ABD celebra la festa de Nadal amb diverses activitats pels infants d&#039;usuaris i usu\u00e0ries - ABD<\/title>\n<meta name=\"description\" content=\"L&#039;Associaci\u00f3 Benestar i Desenvolupament (ABD) ha celebrat aquesta setmana la ja quotidiana festa de Nadal amb diverses activitats com un taller de pintura\" \/>\n<meta name=\"robots\" content=\"index, follow, max-snippet:-1, max-image-preview:large, max-video-preview:-1\" \/>\n<link rel=\"canonical\" href=\"https:\/\/abd.ong\/ca\/general-ca\/abd-celebra-la-festa-de-nadal-amb-diverses-activitats-pels-infants-dusuaris-i-usuaries\/\" \/>\n<meta property=\"og:locale\" content=\"ca_ES\" \/>\n<meta property=\"og:type\" content=\"article\" \/>\n<meta property=\"og:title\" content=\"ABD celebra la festa de Nadal amb diverses activitats pels infants d&#039;usuaris i usu\u00e0ries - ABD\" \/>\n<meta property=\"og:description\" content=\"L&#039;Associaci\u00f3 Benestar i Desenvolupament (ABD) ha celebrat aquesta setmana la ja quotidiana festa de Nadal amb diverses activitats com un taller de pintura\" \/>\n<meta property=\"og:url\" content=\"https:\/\/abd.ong\/ca\/general-ca\/abd-celebra-la-festa-de-nadal-amb-diverses-activitats-pels-infants-dusuaris-i-usuaries\/\" \/>\n<meta property=\"og:site_name\" content=\"ABD\" \/>\n<meta property=\"article:publisher\" content=\"https:\/\/www.facebook.com\/abd.ong\" \/>\n<meta property=\"article:published_time\" content=\"2018-12-26T23:00:00+00:00\" \/>\n<meta property=\"article:modified_time\" content=\"2021-02-17T17:35:11+00:00\" \/>\n<meta property=\"og:image\" content=\"https:\/\/abd.ong\/wp-content\/uploads\/1970\/01\/DSC_5404a.jpg\" \/>\n\t<meta property=\"og:image:width\" content=\"2048\" \/>\n\t<meta property=\"og:image:height\" content=\"1273\" \/>\n\t<meta property=\"og:image:type\" content=\"image\/jpeg\" \/>\n<meta name=\"author\" content=\"M_Disseny\" \/>\n<meta name=\"twitter:card\" content=\"summary_large_image\" \/>\n<meta name=\"twitter:creator\" content=\"@abd_ong\" \/>\n<meta name=\"twitter:site\" content=\"@abd_ong\" \/>\n<meta name=\"twitter:label1\" content=\"Escrit per\" \/>\n\t<meta name=\"twitter:data1\" content=\"M_Disseny\" \/>\n\t<meta name=\"twitter:label2\" content=\"Temps estimat de lectura\" \/>\n\t<meta name=\"twitter:data2\" content=\"1 minut\" \/>\n<script type=\"application\/ld+json\" class=\"yoast-schema-graph\">{\"@context\":\"https:\\\/\\\/schema.org\",\"@graph\":[{\"@type\":\"Article\",\"@id\":\"https:\\\/\\\/abd.ong\\\/ca\\\/general-ca\\\/abd-celebra-la-festa-de-nadal-amb-diverses-activitats-pels-infants-dusuaris-i-usuaries\\\/#article\",\"isPartOf\":{\"@id\":\"https:\\\/\\\/abd.ong\\\/ca\\\/general-ca\\\/abd-celebra-la-festa-de-nadal-amb-diverses-activitats-pels-infants-dusuaris-i-usuaries\\\/\"},\"author\":{\"name\":\"M_Disseny\",\"@id\":\"https:\\\/\\\/abd.ong\\\/ca\\\/#\\\/schema\\\/person\\\/1b9cf116597cda3a4b8900a43c641f6e\"},\"headline\":\"ABD celebra la festa de Nadal amb diverses activitats pels infants d&#8217;usuaris i usu\u00e0ries\",\"datePublished\":\"2018-12-26T23:00:00+00:00\",\"dateModified\":\"2021-02-17T17:35:11+00:00\",\"mainEntityOfPage\":{\"@id\":\"https:\\\/\\\/abd.ong\\\/ca\\\/general-ca\\\/abd-celebra-la-festa-de-nadal-amb-diverses-activitats-pels-infants-dusuaris-i-usuaries\\\/\"},\"wordCount\":137,\"publisher\":{\"@id\":\"https:\\\/\\\/abd.ong\\\/ca\\\/#organization\"},\"image\":{\"@id\":\"https:\\\/\\\/abd.ong\\\/ca\\\/general-ca\\\/abd-celebra-la-festa-de-nadal-amb-diverses-activitats-pels-infants-dusuaris-i-usuaries\\\/#primaryimage\"},\"thumbnailUrl\":\"https:\\\/\\\/abd.ong\\\/wp-content\\\/uploads\\\/1970\\\/01\\\/DSC_5404a.jpg\",\"keywords\":[\"ABD\",\"cagati\u00f3\",\"celebraci\u00f3\",\"festa Nadal\",\"inf\u00e0ncia\"],\"articleSection\":[\"General\"],\"inLanguage\":\"ca\"},{\"@type\":\"WebPage\",\"@id\":\"https:\\\/\\\/abd.ong\\\/ca\\\/general-ca\\\/abd-celebra-la-festa-de-nadal-amb-diverses-activitats-pels-infants-dusuaris-i-usuaries\\\/\",\"url\":\"https:\\\/\\\/abd.ong\\\/ca\\\/general-ca\\\/abd-celebra-la-festa-de-nadal-amb-diverses-activitats-pels-infants-dusuaris-i-usuaries\\\/\",\"name\":\"ABD celebra la festa de Nadal amb diverses activitats pels infants d'usuaris i usu\u00e0ries - ABD\",\"isPartOf\":{\"@id\":\"https:\\\/\\\/abd.ong\\\/ca\\\/#website\"},\"primaryImageOfPage\":{\"@id\":\"https:\\\/\\\/abd.ong\\\/ca\\\/general-ca\\\/abd-celebra-la-festa-de-nadal-amb-diverses-activitats-pels-infants-dusuaris-i-usuaries\\\/#primaryimage\"},\"image\":{\"@id\":\"https:\\\/\\\/abd.ong\\\/ca\\\/general-ca\\\/abd-celebra-la-festa-de-nadal-amb-diverses-activitats-pels-infants-dusuaris-i-usuaries\\\/#primaryimage\"},\"thumbnailUrl\":\"https:\\\/\\\/abd.ong\\\/wp-content\\\/uploads\\\/1970\\\/01\\\/DSC_5404a.jpg\",\"datePublished\":\"2018-12-26T23:00:00+00:00\",\"dateModified\":\"2021-02-17T17:35:11+00:00\",\"description\":\"L'Associaci\u00f3 Benestar i Desenvolupament (ABD) ha celebrat aquesta setmana la ja quotidiana festa de Nadal amb diverses activitats com un taller de pintura\",\"breadcrumb\":{\"@id\":\"https:\\\/\\\/abd.ong\\\/ca\\\/general-ca\\\/abd-celebra-la-festa-de-nadal-amb-diverses-activitats-pels-infants-dusuaris-i-usuaries\\\/#breadcrumb\"},\"inLanguage\":\"ca\",\"potentialAction\":[{\"@type\":\"ReadAction\",\"target\":[\"https:\\\/\\\/abd.ong\\\/ca\\\/general-ca\\\/abd-celebra-la-festa-de-nadal-amb-diverses-activitats-pels-infants-dusuaris-i-usuaries\\\/\"]}]},{\"@type\":\"ImageObject\",\"inLanguage\":\"ca\",\"@id\":\"https:\\\/\\\/abd.ong\\\/ca\\\/general-ca\\\/abd-celebra-la-festa-de-nadal-amb-diverses-activitats-pels-infants-dusuaris-i-usuaries\\\/#primaryimage\",\"url\":\"https:\\\/\\\/abd.ong\\\/wp-content\\\/uploads\\\/1970\\\/01\\\/DSC_5404a.jpg\",\"contentUrl\":\"https:\\\/\\\/abd.ong\\\/wp-content\\\/uploads\\\/1970\\\/01\\\/DSC_5404a.jpg\",\"width\":2048,\"height\":1273},{\"@type\":\"BreadcrumbList\",\"@id\":\"https:\\\/\\\/abd.ong\\\/ca\\\/general-ca\\\/abd-celebra-la-festa-de-nadal-amb-diverses-activitats-pels-infants-dusuaris-i-usuaries\\\/#breadcrumb\",\"itemListElement\":[{\"@type\":\"ListItem\",\"position\":1,\"name\":\"Inici\",\"item\":\"https:\\\/\\\/abd.ong\\\/ca\\\/\"},{\"@type\":\"ListItem\",\"position\":2,\"name\":\"ABD celebra la festa de Nadal amb diverses activitats pels infants d&#8217;usuaris i usu\u00e0ries\"}]},{\"@type\":\"WebSite\",\"@id\":\"https:\\\/\\\/abd.ong\\\/ca\\\/#website\",\"url\":\"https:\\\/\\\/abd.ong\\\/ca\\\/\",\"name\":\"ABD\",\"description\":\"Asociaci\u00f3n Bienestar y Desarrollo\",\"publisher\":{\"@id\":\"https:\\\/\\\/abd.ong\\\/ca\\\/#organization\"},\"potentialAction\":[{\"@type\":\"SearchAction\",\"target\":{\"@type\":\"EntryPoint\",\"urlTemplate\":\"https:\\\/\\\/abd.ong\\\/ca\\\/?s={search_term_string}\"},\"query-input\":{\"@type\":\"PropertyValueSpecification\",\"valueRequired\":true,\"valueName\":\"search_term_string\"}}],\"inLanguage\":\"ca\"},{\"@type\":\"Organization\",\"@id\":\"https:\\\/\\\/abd.ong\\\/ca\\\/#organization\",\"name\":\"Associaci\u00f3 Benestar i Desenvolupament\",\"alternateName\":\"ABD\",\"url\":\"https:\\\/\\\/abd.ong\\\/ca\\\/\",\"logo\":{\"@type\":\"ImageObject\",\"inLanguage\":\"ca\",\"@id\":\"https:\\\/\\\/abd.ong\\\/ca\\\/#\\\/schema\\\/logo\\\/image\\\/\",\"url\":\"https:\\\/\\\/abd.ong\\\/wp-content\\\/uploads\\\/2023\\\/01\\\/Icona.png\",\"contentUrl\":\"https:\\\/\\\/abd.ong\\\/wp-content\\\/uploads\\\/2023\\\/01\\\/Icona.png\",\"width\":190,\"height\":187,\"caption\":\"Associaci\u00f3 Benestar i Desenvolupament\"},\"image\":{\"@id\":\"https:\\\/\\\/abd.ong\\\/ca\\\/#\\\/schema\\\/logo\\\/image\\\/\"},\"sameAs\":[\"https:\\\/\\\/www.facebook.com\\\/abd.ong\",\"https:\\\/\\\/x.com\\\/abd_ong\",\"https:\\\/\\\/www.instagram.com\\\/abd_ong\\\/\",\"https:\\\/\\\/www.linkedin.com\\\/company\\\/abdong\",\"https:\\\/\\\/www.youtube.com\\\/user\\\/CANALABD\"]},{\"@type\":\"Person\",\"@id\":\"https:\\\/\\\/abd.ong\\\/ca\\\/#\\\/schema\\\/person\\\/1b9cf116597cda3a4b8900a43c641f6e\",\"name\":\"M_Disseny\"}]}<\/script>\n<!-- \/ Yoast SEO plugin. -->","yoast_head_json":{"title":"ABD celebra la festa de Nadal amb diverses activitats pels infants d'usuaris i usu\u00e0ries - ABD","description":"L'Associaci\u00f3 Benestar i Desenvolupament (ABD) ha celebrat aquesta setmana la ja quotidiana festa de Nadal amb diverses activitats com un taller de pintura","robots":{"index":"index","follow":"follow","max-snippet":"max-snippet:-1","max-image-preview":"max-image-preview:large","max-video-preview":"max-video-preview:-1"},"canonical":"https:\/\/abd.ong\/ca\/general-ca\/abd-celebra-la-festa-de-nadal-amb-diverses-activitats-pels-infants-dusuaris-i-usuaries\/","og_locale":"ca_ES","og_type":"article","og_title":"ABD celebra la festa de Nadal amb diverses activitats pels infants d'usuaris i usu\u00e0ries - ABD","og_description":"L'Associaci\u00f3 Benestar i Desenvolupament (ABD) ha celebrat aquesta setmana la ja quotidiana festa de Nadal amb diverses activitats com un taller de pintura","og_url":"https:\/\/abd.ong\/ca\/general-ca\/abd-celebra-la-festa-de-nadal-amb-diverses-activitats-pels-infants-dusuaris-i-usuaries\/","og_site_name":"ABD","article_publisher":"https:\/\/www.facebook.com\/abd.ong","article_published_time":"2018-12-26T23:00:00+00:00","article_modified_time":"2021-02-17T17:35:11+00:00","og_image":[{"width":2048,"height":1273,"url":"https:\/\/abd.ong\/wp-content\/uploads\/1970\/01\/DSC_5404a.jpg","type":"image\/jpeg"}],"author":"M_Disseny","twitter_card":"summary_large_image","twitter_creator":"@abd_ong","twitter_site":"@abd_ong","twitter_misc":{"Escrit per":"M_Disseny","Temps estimat de lectura":"1 minut"},"schema":{"@context":"https:\/\/schema.org","@graph":[{"@type":"Article","@id":"https:\/\/abd.ong\/ca\/general-ca\/abd-celebra-la-festa-de-nadal-amb-diverses-activitats-pels-infants-dusuaris-i-usuaries\/#article","isPartOf":{"@id":"https:\/\/abd.ong\/ca\/general-ca\/abd-celebra-la-festa-de-nadal-amb-diverses-activitats-pels-infants-dusuaris-i-usuaries\/"},"author":{"name":"M_Disseny","@id":"https:\/\/abd.ong\/ca\/#\/schema\/person\/1b9cf116597cda3a4b8900a43c641f6e"},"headline":"ABD celebra la festa de Nadal amb diverses activitats pels infants d&#8217;usuaris i usu\u00e0ries","datePublished":"2018-12-26T23:00:00+00:00","dateModified":"2021-02-17T17:35:11+00:00","mainEntityOfPage":{"@id":"https:\/\/abd.ong\/ca\/general-ca\/abd-celebra-la-festa-de-nadal-amb-diverses-activitats-pels-infants-dusuaris-i-usuaries\/"},"wordCount":137,"publisher":{"@id":"https:\/\/abd.ong\/ca\/#organization"},"image":{"@id":"https:\/\/abd.ong\/ca\/general-ca\/abd-celebra-la-festa-de-nadal-amb-diverses-activitats-pels-infants-dusuaris-i-usuaries\/#primaryimage"},"thumbnailUrl":"https:\/\/abd.ong\/wp-content\/uploads\/1970\/01\/DSC_5404a.jpg","keywords":["ABD","cagati\u00f3","celebraci\u00f3","festa Nadal","inf\u00e0ncia"],"articleSection":["General"],"inLanguage":"ca"},{"@type":"WebPage","@id":"https:\/\/abd.ong\/ca\/general-ca\/abd-celebra-la-festa-de-nadal-amb-diverses-activitats-pels-infants-dusuaris-i-usuaries\/","url":"https:\/\/abd.ong\/ca\/general-ca\/abd-celebra-la-festa-de-nadal-amb-diverses-activitats-pels-infants-dusuaris-i-usuaries\/","name":"ABD celebra la festa de Nadal amb diverses activitats pels infants d'usuaris i usu\u00e0ries - ABD","isPartOf":{"@id":"https:\/\/abd.ong\/ca\/#website"},"primaryImageOfPage":{"@id":"https:\/\/abd.ong\/ca\/general-ca\/abd-celebra-la-festa-de-nadal-amb-diverses-activitats-pels-infants-dusuaris-i-usuaries\/#primaryimage"},"image":{"@id":"https:\/\/abd.ong\/ca\/general-ca\/abd-celebra-la-festa-de-nadal-amb-diverses-activitats-pels-infants-dusuaris-i-usuaries\/#primaryimage"},"thumbnailUrl":"https:\/\/abd.ong\/wp-content\/uploads\/1970\/01\/DSC_5404a.jpg","datePublished":"2018-12-26T23:00:00+00:00","dateModified":"2021-02-17T17:35:11+00:00","description":"L'Associaci\u00f3 Benestar i Desenvolupament (ABD) ha celebrat aquesta setmana la ja quotidiana festa de Nadal amb diverses activitats com un taller de pintura","breadcrumb":{"@id":"https:\/\/abd.ong\/ca\/general-ca\/abd-celebra-la-festa-de-nadal-amb-diverses-activitats-pels-infants-dusuaris-i-usuaries\/#breadcrumb"},"inLanguage":"ca","potentialAction":[{"@type":"ReadAction","target":["https:\/\/abd.ong\/ca\/general-ca\/abd-celebra-la-festa-de-nadal-amb-diverses-activitats-pels-infants-dusuaris-i-usuaries\/"]}]},{"@type":"ImageObject","inLanguage":"ca","@id":"https:\/\/abd.ong\/ca\/general-ca\/abd-celebra-la-festa-de-nadal-amb-diverses-activitats-pels-infants-dusuaris-i-usuaries\/#primaryimage","url":"https:\/\/abd.ong\/wp-content\/uploads\/1970\/01\/DSC_5404a.jpg","contentUrl":"https:\/\/abd.ong\/wp-content\/uploads\/1970\/01\/DSC_5404a.jpg","width":2048,"height":1273},{"@type":"BreadcrumbList","@id":"https:\/\/abd.ong\/ca\/general-ca\/abd-celebra-la-festa-de-nadal-amb-diverses-activitats-pels-infants-dusuaris-i-usuaries\/#breadcrumb","itemListElement":[{"@type":"ListItem","position":1,"name":"Inici","item":"https:\/\/abd.ong\/ca\/"},{"@type":"ListItem","position":2,"name":"ABD celebra la festa de Nadal amb diverses activitats pels infants d&#8217;usuaris i usu\u00e0ries"}]},{"@type":"WebSite","@id":"https:\/\/abd.ong\/ca\/#website","url":"https:\/\/abd.ong\/ca\/","name":"ABD","description":"Asociaci\u00f3n Bienestar y Desarrollo","publisher":{"@id":"https:\/\/abd.ong\/ca\/#organization"},"potentialAction":[{"@type":"SearchAction","target":{"@type":"EntryPoint","urlTemplate":"https:\/\/abd.ong\/ca\/?s={search_term_string}"},"query-input":{"@type":"PropertyValueSpecification","valueRequired":true,"valueName":"search_term_string"}}],"inLanguage":"ca"},{"@type":"Organization","@id":"https:\/\/abd.ong\/ca\/#organization","name":"Associaci\u00f3 Benestar i Desenvolupament","alternateName":"ABD","url":"https:\/\/abd.ong\/ca\/","logo":{"@type":"ImageObject","inLanguage":"ca","@id":"https:\/\/abd.ong\/ca\/#\/schema\/logo\/image\/","url":"https:\/\/abd.ong\/wp-content\/uploads\/2023\/01\/Icona.png","contentUrl":"https:\/\/abd.ong\/wp-content\/uploads\/2023\/01\/Icona.png","width":190,"height":187,"caption":"Associaci\u00f3 Benestar i Desenvolupament"},"image":{"@id":"https:\/\/abd.ong\/ca\/#\/schema\/logo\/image\/"},"sameAs":["https:\/\/www.facebook.com\/abd.ong","https:\/\/x.com\/abd_ong","https:\/\/www.instagram.com\/abd_ong\/","https:\/\/www.linkedin.com\/company\/abdong","https:\/\/www.youtube.com\/user\/CANALABD"]},{"@type":"Person","@id":"https:\/\/abd.ong\/ca\/#\/schema\/person\/1b9cf116597cda3a4b8900a43c641f6e","name":"M_Disseny"}]}},"_links":{"self":[{"href":"https:\/\/abd.ong\/ca\/wp-json\/wp\/v2\/posts\/10204","targetHints":{"allow":["GET"]}}],"collection":[{"href":"https:\/\/abd.ong\/ca\/wp-json\/wp\/v2\/posts"}],"about":[{"href":"https:\/\/abd.ong\/ca\/wp-json\/wp\/v2\/types\/post"}],"author":[{"embeddable":true,"href":"https:\/\/abd.ong\/ca\/wp-json\/wp\/v2\/users\/1"}],"replies":[{"embeddable":true,"href":"https:\/\/abd.ong\/ca\/wp-json\/wp\/v2\/comments?post=10204"}],"version-history":[{"count":2,"href":"https:\/\/abd.ong\/ca\/wp-json\/wp\/v2\/posts\/10204\/revisions"}],"predecessor-version":[{"id":20092,"href":"https:\/\/abd.ong\/ca\/wp-json\/wp\/v2\/posts\/10204\/revisions\/20092"}],"wp:featuredmedia":[{"embeddable":true,"href":"https:\/\/abd.ong\/ca\/wp-json\/wp\/v2\/media\/1315"}],"wp:attachment":[{"href":"https:\/\/abd.ong\/ca\/wp-json\/wp\/v2\/media?parent=10204"}],"wp:term":[{"taxonomy":"category","embeddable":true,"href":"https:\/\/abd.ong\/ca\/wp-json\/wp\/v2\/categories?post=10204"},{"taxonomy":"post_tag","embeddable":true,"href":"https:\/\/abd.ong\/ca\/wp-json\/wp\/v2\/tags?post=10204"}],"curies":[{"name":"wp","href":"https:\/\/api.w.org\/{rel}","templated":true}]}}