{"id":10202,"date":"2018-12-20T00:00:00","date_gmt":"2018-12-19T23:00:00","guid":{"rendered":"https:\/\/abd.ong\/sin-categorizar\/lluis-nomes-puc-donar-les-gracies-a-lentitat-i-a-les-persones-que-mheu-acompanyat-aquests-trenta-anys\/"},"modified":"2021-02-17T18:35:11","modified_gmt":"2021-02-17T17:35:11","slug":"lluis-nomes-puc-donar-les-gracies-a-lentitat-i-a-les-persones-que-mheu-acompanyat-aquests-trenta-anys","status":"publish","type":"post","link":"https:\/\/abd.ong\/ca\/general-ca\/lluis-nomes-puc-donar-les-gracies-a-lentitat-i-a-les-persones-que-mheu-acompanyat-aquests-trenta-anys\/","title":{"rendered":"Llu\u00eds: \u201cNom\u00e9s puc donar les gr\u00e0cies a l\u2019entitat i a les persones que m\u2019heu acompanyat aquests trenta anys\u201d"},"content":{"rendered":"<p>En <strong>Llu\u00eds<\/strong>, voluntari de l&#8217;<a href=\"https:\/\/abd.ong\"><strong>Associaci\u00f3 Benestar i Desenvolupament (ABD)<\/strong><\/a>, t\u00e9 <strong>relaci\u00f3 amb l\u2019entitat des de l\u2019any 1988<\/strong>. \u201cVaig comen\u00e7ar a col\u00b7laborar de forma volunt\u00e0ria una mica m\u00e9s tard, com a agra\u00efment\u201d, explica, al principi. La seva hist\u00f2ria \u00e9s una de les hist\u00f2ries d\u2019\u00e8xit de l\u2019Associaci\u00f3.<\/p>\n<p>Va comen\u00e7ar a estar lligat a ABD quan la seva filla va esdevenir usu\u00e0ria dels <strong>serveis de drogodepend\u00e8ncia de l\u2019entitat.<\/strong> \u201cGr\u00e0cies a aix\u00f2, ara est\u00e0 b\u00e9\u201d, assegura en Llu\u00eds, \u201cpels i les professionals del CAS de Sants i d\u2019ABD en general\u201d. I no nom\u00e9s ella, sin\u00f3 tamb\u00e9 el seu marit. \u201cEs van con\u00e8ixer quan tots dos estaven en tractament, i es van enamorar\u201d, recorda.<\/p>\n<p>&nbsp;<\/p>\n<p><a href=\"https:\/\/abd.ong\/blog\/wp-content\/uploads\/2018\/12\/IMG_20181218_120324a.jpg\"><img fetchpriority=\"high\" decoding=\"async\" class=\" wp-image-2956 alignleft\" src=\"https:\/\/abd.ong\/blog\/wp-content\/uploads\/2018\/12\/IMG_20181218_120324a-300x217.jpg\" alt=\"\" width=\"357\" height=\"258\" \/><\/a><a href=\"https:\/\/abd.ong\/blog\/wp-content\/uploads\/2018\/12\/IMG_20181218_121119a.jpg\"><img decoding=\"async\" class=\" wp-image-2950 alignleft\" src=\"https:\/\/abd.ong\/blog\/wp-content\/uploads\/2018\/12\/IMG_20181218_121119a-300x204.jpg\" alt=\"\" width=\"379\" height=\"258\" \/><\/a><\/p>\n<p>&nbsp;<\/p>\n<p>&nbsp;<\/p>\n<p>&nbsp;<\/p>\n<p>&nbsp;<\/p>\n<p>&nbsp;<\/p>\n<p>&nbsp;<\/p>\n<p>&nbsp;<\/p>\n<p>&nbsp;<\/p>\n<p>&nbsp;<\/p>\n<p>Tamb\u00e9 anomenat Humphrey Bogart per la seva semblan\u00e7a f\u00edsica amb l\u2019actor, en Llu\u00eds ha estat <strong>col\u00b7laborant amb el CAS de Sants i amb la seu central<\/strong>, d\u2019on en recorda la batalla per trobar lloc. \u201cA mi em molestava que quan arribava a la tarda, el meu ordinador estigu\u00e9s ocupat\u201d, explica entre riures.<\/p>\n<p>Des del primer dia a la ter\u00e0pia per a fam\u00edlies, que \u201cla meva esposa i jo formem part de l\u2019entitat\u201d. Quan tot va anar a millor, \u201cvam decidir fer-nos voluntaris\u201d, relata. La Dolors, la seva esposa, popularment coneguda com la \u2018super-\u00e0via\u2019, ha col\u00b7laborat amb el Petit Drac i el CAS de Sants entre d\u2019altres projectes.<\/p>\n<p>&nbsp;<\/p>\n<blockquote>\n<h3>\u201cNom\u00e9s puc donar les gr\u00e0cies a ABD, que m\u2019heu acompanyat aquests \u00faltims trenta anys!\u201d<\/h3>\n<\/blockquote>\n","protected":false},"excerpt":{"rendered":"<p>En Llu\u00eds, voluntari de l&#8217;Associaci\u00f3 Benestar i Desenvolupament (ABD), t\u00e9 relaci\u00f3 amb l\u2019entitat des de l\u2019any 1988. \u201cVaig comen\u00e7ar a col\u00b7laborar de forma volunt\u00e0ria una mica m\u00e9s tard, com a&hellip;<\/p>\n","protected":false},"author":1,"featured_media":1301,"comment_status":"closed","ping_status":"closed","sticky":false,"template":"","format":"standard","meta":{"_acf_changed":false,"footnotes":""},"categories":[66,83],"tags":[119,394,428,118],"class_list":["post-10202","post","type-post","status-publish","format-standard","has-post-thumbnail","hentry","category-general-ca","category-voluntariat","tag-abd","tag-associacio-benestar-i-desenvlupament","tag-voluntari","tag-voluntariat","ods-reduccio-de-les-desigualtats","right-dret-a-la-participacio-ciutadana","right-drets-de-les-persones-grans"],"acf":[],"yoast_head":"<!-- This site is optimized with the Yoast SEO plugin v27.4 - https:\/\/yoast.com\/product\/yoast-seo-wordpress\/ -->\n<title>Llu\u00eds: \u201cNom\u00e9s puc donar les gr\u00e0cies a l\u2019entitat i a les persones que m\u2019heu acompanyat aquests trenta anys\u201d - ABD<\/title>\n<meta name=\"description\" content=\"En Llu\u00eds, voluntari de l&#039;Associaci\u00f3 Benestar i Desenvolupament (ABD), t\u00e9 relaci\u00f3 amb l\u2019entitat des de l\u2019any 1988. \u201cVaig comen\u00e7ar a col\u00b7laborar de forma\" \/>\n<meta name=\"robots\" content=\"index, follow, max-snippet:-1, max-image-preview:large, max-video-preview:-1\" \/>\n<link rel=\"canonical\" href=\"https:\/\/abd.ong\/ca\/general-ca\/lluis-nomes-puc-donar-les-gracies-a-lentitat-i-a-les-persones-que-mheu-acompanyat-aquests-trenta-anys\/\" \/>\n<meta property=\"og:locale\" content=\"ca_ES\" \/>\n<meta property=\"og:type\" content=\"article\" \/>\n<meta property=\"og:title\" content=\"Llu\u00eds: \u201cNom\u00e9s puc donar les gr\u00e0cies a l\u2019entitat i a les persones que m\u2019heu acompanyat aquests trenta anys\u201d - ABD\" \/>\n<meta property=\"og:description\" content=\"En Llu\u00eds, voluntari de l&#039;Associaci\u00f3 Benestar i Desenvolupament (ABD), t\u00e9 relaci\u00f3 amb l\u2019entitat des de l\u2019any 1988. \u201cVaig comen\u00e7ar a col\u00b7laborar de forma\" \/>\n<meta property=\"og:url\" content=\"https:\/\/abd.ong\/ca\/general-ca\/lluis-nomes-puc-donar-les-gracies-a-lentitat-i-a-les-persones-que-mheu-acompanyat-aquests-trenta-anys\/\" \/>\n<meta property=\"og:site_name\" content=\"ABD\" \/>\n<meta property=\"article:publisher\" content=\"https:\/\/www.facebook.com\/abd.ong\" \/>\n<meta property=\"article:published_time\" content=\"2018-12-19T23:00:00+00:00\" \/>\n<meta property=\"article:modified_time\" content=\"2021-02-17T17:35:11+00:00\" \/>\n<meta property=\"og:image\" content=\"https:\/\/abd.ong\/wp-content\/uploads\/1970\/01\/IMG_20181218_121706.jpg\" \/>\n\t<meta property=\"og:image:width\" content=\"2048\" \/>\n\t<meta property=\"og:image:height\" content=\"1536\" \/>\n\t<meta property=\"og:image:type\" content=\"image\/jpeg\" \/>\n<meta name=\"author\" content=\"M_Disseny\" \/>\n<meta name=\"twitter:card\" content=\"summary_large_image\" \/>\n<meta name=\"twitter:creator\" content=\"@abd_ong\" \/>\n<meta name=\"twitter:site\" content=\"@abd_ong\" \/>\n<meta name=\"twitter:label1\" content=\"Escrit per\" \/>\n\t<meta name=\"twitter:data1\" content=\"M_Disseny\" \/>\n\t<meta name=\"twitter:label2\" content=\"Temps estimat de lectura\" \/>\n\t<meta name=\"twitter:data2\" content=\"1 minut\" \/>\n<script type=\"application\/ld+json\" class=\"yoast-schema-graph\">{\"@context\":\"https:\\\/\\\/schema.org\",\"@graph\":[{\"@type\":\"Article\",\"@id\":\"https:\\\/\\\/abd.ong\\\/ca\\\/general-ca\\\/lluis-nomes-puc-donar-les-gracies-a-lentitat-i-a-les-persones-que-mheu-acompanyat-aquests-trenta-anys\\\/#article\",\"isPartOf\":{\"@id\":\"https:\\\/\\\/abd.ong\\\/ca\\\/general-ca\\\/lluis-nomes-puc-donar-les-gracies-a-lentitat-i-a-les-persones-que-mheu-acompanyat-aquests-trenta-anys\\\/\"},\"author\":{\"name\":\"M_Disseny\",\"@id\":\"https:\\\/\\\/abd.ong\\\/ca\\\/#\\\/schema\\\/person\\\/1b9cf116597cda3a4b8900a43c641f6e\"},\"headline\":\"Llu\u00eds: \u201cNom\u00e9s puc donar les gr\u00e0cies a l\u2019entitat i a les persones que m\u2019heu acompanyat aquests trenta anys\u201d\",\"datePublished\":\"2018-12-19T23:00:00+00:00\",\"dateModified\":\"2021-02-17T17:35:11+00:00\",\"mainEntityOfPage\":{\"@id\":\"https:\\\/\\\/abd.ong\\\/ca\\\/general-ca\\\/lluis-nomes-puc-donar-les-gracies-a-lentitat-i-a-les-persones-que-mheu-acompanyat-aquests-trenta-anys\\\/\"},\"wordCount\":301,\"publisher\":{\"@id\":\"https:\\\/\\\/abd.ong\\\/ca\\\/#organization\"},\"image\":{\"@id\":\"https:\\\/\\\/abd.ong\\\/ca\\\/general-ca\\\/lluis-nomes-puc-donar-les-gracies-a-lentitat-i-a-les-persones-que-mheu-acompanyat-aquests-trenta-anys\\\/#primaryimage\"},\"thumbnailUrl\":\"https:\\\/\\\/abd.ong\\\/wp-content\\\/uploads\\\/1970\\\/01\\\/IMG_20181218_121706.jpg\",\"keywords\":[\"ABD\",\"Associaci\u00f3 Benestar i Desenvlupament\",\"voluntari\",\"Voluntariat\"],\"articleSection\":[\"General\",\"Voluntariat\"],\"inLanguage\":\"ca\"},{\"@type\":\"WebPage\",\"@id\":\"https:\\\/\\\/abd.ong\\\/ca\\\/general-ca\\\/lluis-nomes-puc-donar-les-gracies-a-lentitat-i-a-les-persones-que-mheu-acompanyat-aquests-trenta-anys\\\/\",\"url\":\"https:\\\/\\\/abd.ong\\\/ca\\\/general-ca\\\/lluis-nomes-puc-donar-les-gracies-a-lentitat-i-a-les-persones-que-mheu-acompanyat-aquests-trenta-anys\\\/\",\"name\":\"Llu\u00eds: \u201cNom\u00e9s puc donar les gr\u00e0cies a l\u2019entitat i a les persones que m\u2019heu acompanyat aquests trenta anys\u201d - ABD\",\"isPartOf\":{\"@id\":\"https:\\\/\\\/abd.ong\\\/ca\\\/#website\"},\"primaryImageOfPage\":{\"@id\":\"https:\\\/\\\/abd.ong\\\/ca\\\/general-ca\\\/lluis-nomes-puc-donar-les-gracies-a-lentitat-i-a-les-persones-que-mheu-acompanyat-aquests-trenta-anys\\\/#primaryimage\"},\"image\":{\"@id\":\"https:\\\/\\\/abd.ong\\\/ca\\\/general-ca\\\/lluis-nomes-puc-donar-les-gracies-a-lentitat-i-a-les-persones-que-mheu-acompanyat-aquests-trenta-anys\\\/#primaryimage\"},\"thumbnailUrl\":\"https:\\\/\\\/abd.ong\\\/wp-content\\\/uploads\\\/1970\\\/01\\\/IMG_20181218_121706.jpg\",\"datePublished\":\"2018-12-19T23:00:00+00:00\",\"dateModified\":\"2021-02-17T17:35:11+00:00\",\"description\":\"En Llu\u00eds, voluntari de l'Associaci\u00f3 Benestar i Desenvolupament (ABD), t\u00e9 relaci\u00f3 amb l\u2019entitat des de l\u2019any 1988. \u201cVaig comen\u00e7ar a col\u00b7laborar de forma\",\"breadcrumb\":{\"@id\":\"https:\\\/\\\/abd.ong\\\/ca\\\/general-ca\\\/lluis-nomes-puc-donar-les-gracies-a-lentitat-i-a-les-persones-que-mheu-acompanyat-aquests-trenta-anys\\\/#breadcrumb\"},\"inLanguage\":\"ca\",\"potentialAction\":[{\"@type\":\"ReadAction\",\"target\":[\"https:\\\/\\\/abd.ong\\\/ca\\\/general-ca\\\/lluis-nomes-puc-donar-les-gracies-a-lentitat-i-a-les-persones-que-mheu-acompanyat-aquests-trenta-anys\\\/\"]}]},{\"@type\":\"ImageObject\",\"inLanguage\":\"ca\",\"@id\":\"https:\\\/\\\/abd.ong\\\/ca\\\/general-ca\\\/lluis-nomes-puc-donar-les-gracies-a-lentitat-i-a-les-persones-que-mheu-acompanyat-aquests-trenta-anys\\\/#primaryimage\",\"url\":\"https:\\\/\\\/abd.ong\\\/wp-content\\\/uploads\\\/1970\\\/01\\\/IMG_20181218_121706.jpg\",\"contentUrl\":\"https:\\\/\\\/abd.ong\\\/wp-content\\\/uploads\\\/1970\\\/01\\\/IMG_20181218_121706.jpg\",\"width\":2048,\"height\":1536},{\"@type\":\"BreadcrumbList\",\"@id\":\"https:\\\/\\\/abd.ong\\\/ca\\\/general-ca\\\/lluis-nomes-puc-donar-les-gracies-a-lentitat-i-a-les-persones-que-mheu-acompanyat-aquests-trenta-anys\\\/#breadcrumb\",\"itemListElement\":[{\"@type\":\"ListItem\",\"position\":1,\"name\":\"Inici\",\"item\":\"https:\\\/\\\/abd.ong\\\/ca\\\/\"},{\"@type\":\"ListItem\",\"position\":2,\"name\":\"Llu\u00eds: \u201cNom\u00e9s puc donar les gr\u00e0cies a l\u2019entitat i a les persones que m\u2019heu acompanyat aquests trenta anys\u201d\"}]},{\"@type\":\"WebSite\",\"@id\":\"https:\\\/\\\/abd.ong\\\/ca\\\/#website\",\"url\":\"https:\\\/\\\/abd.ong\\\/ca\\\/\",\"name\":\"ABD\",\"description\":\"Asociaci\u00f3n Bienestar y Desarrollo\",\"publisher\":{\"@id\":\"https:\\\/\\\/abd.ong\\\/ca\\\/#organization\"},\"potentialAction\":[{\"@type\":\"SearchAction\",\"target\":{\"@type\":\"EntryPoint\",\"urlTemplate\":\"https:\\\/\\\/abd.ong\\\/ca\\\/?s={search_term_string}\"},\"query-input\":{\"@type\":\"PropertyValueSpecification\",\"valueRequired\":true,\"valueName\":\"search_term_string\"}}],\"inLanguage\":\"ca\"},{\"@type\":\"Organization\",\"@id\":\"https:\\\/\\\/abd.ong\\\/ca\\\/#organization\",\"name\":\"Associaci\u00f3 Benestar i Desenvolupament\",\"alternateName\":\"ABD\",\"url\":\"https:\\\/\\\/abd.ong\\\/ca\\\/\",\"logo\":{\"@type\":\"ImageObject\",\"inLanguage\":\"ca\",\"@id\":\"https:\\\/\\\/abd.ong\\\/ca\\\/#\\\/schema\\\/logo\\\/image\\\/\",\"url\":\"https:\\\/\\\/abd.ong\\\/wp-content\\\/uploads\\\/2023\\\/01\\\/Icona.png\",\"contentUrl\":\"https:\\\/\\\/abd.ong\\\/wp-content\\\/uploads\\\/2023\\\/01\\\/Icona.png\",\"width\":190,\"height\":187,\"caption\":\"Associaci\u00f3 Benestar i Desenvolupament\"},\"image\":{\"@id\":\"https:\\\/\\\/abd.ong\\\/ca\\\/#\\\/schema\\\/logo\\\/image\\\/\"},\"sameAs\":[\"https:\\\/\\\/www.facebook.com\\\/abd.ong\",\"https:\\\/\\\/x.com\\\/abd_ong\",\"https:\\\/\\\/www.instagram.com\\\/abd_ong\\\/\",\"https:\\\/\\\/www.linkedin.com\\\/company\\\/abdong\",\"https:\\\/\\\/www.youtube.com\\\/user\\\/CANALABD\"]},{\"@type\":\"Person\",\"@id\":\"https:\\\/\\\/abd.ong\\\/ca\\\/#\\\/schema\\\/person\\\/1b9cf116597cda3a4b8900a43c641f6e\",\"name\":\"M_Disseny\"}]}<\/script>\n<!-- \/ Yoast SEO plugin. -->","yoast_head_json":{"title":"Llu\u00eds: \u201cNom\u00e9s puc donar les gr\u00e0cies a l\u2019entitat i a les persones que m\u2019heu acompanyat aquests trenta anys\u201d - ABD","description":"En Llu\u00eds, voluntari de l'Associaci\u00f3 Benestar i Desenvolupament (ABD), t\u00e9 relaci\u00f3 amb l\u2019entitat des de l\u2019any 1988. \u201cVaig comen\u00e7ar a col\u00b7laborar de forma","robots":{"index":"index","follow":"follow","max-snippet":"max-snippet:-1","max-image-preview":"max-image-preview:large","max-video-preview":"max-video-preview:-1"},"canonical":"https:\/\/abd.ong\/ca\/general-ca\/lluis-nomes-puc-donar-les-gracies-a-lentitat-i-a-les-persones-que-mheu-acompanyat-aquests-trenta-anys\/","og_locale":"ca_ES","og_type":"article","og_title":"Llu\u00eds: \u201cNom\u00e9s puc donar les gr\u00e0cies a l\u2019entitat i a les persones que m\u2019heu acompanyat aquests trenta anys\u201d - ABD","og_description":"En Llu\u00eds, voluntari de l'Associaci\u00f3 Benestar i Desenvolupament (ABD), t\u00e9 relaci\u00f3 amb l\u2019entitat des de l\u2019any 1988. \u201cVaig comen\u00e7ar a col\u00b7laborar de forma","og_url":"https:\/\/abd.ong\/ca\/general-ca\/lluis-nomes-puc-donar-les-gracies-a-lentitat-i-a-les-persones-que-mheu-acompanyat-aquests-trenta-anys\/","og_site_name":"ABD","article_publisher":"https:\/\/www.facebook.com\/abd.ong","article_published_time":"2018-12-19T23:00:00+00:00","article_modified_time":"2021-02-17T17:35:11+00:00","og_image":[{"width":2048,"height":1536,"url":"https:\/\/abd.ong\/wp-content\/uploads\/1970\/01\/IMG_20181218_121706.jpg","type":"image\/jpeg"}],"author":"M_Disseny","twitter_card":"summary_large_image","twitter_creator":"@abd_ong","twitter_site":"@abd_ong","twitter_misc":{"Escrit per":"M_Disseny","Temps estimat de lectura":"1 minut"},"schema":{"@context":"https:\/\/schema.org","@graph":[{"@type":"Article","@id":"https:\/\/abd.ong\/ca\/general-ca\/lluis-nomes-puc-donar-les-gracies-a-lentitat-i-a-les-persones-que-mheu-acompanyat-aquests-trenta-anys\/#article","isPartOf":{"@id":"https:\/\/abd.ong\/ca\/general-ca\/lluis-nomes-puc-donar-les-gracies-a-lentitat-i-a-les-persones-que-mheu-acompanyat-aquests-trenta-anys\/"},"author":{"name":"M_Disseny","@id":"https:\/\/abd.ong\/ca\/#\/schema\/person\/1b9cf116597cda3a4b8900a43c641f6e"},"headline":"Llu\u00eds: \u201cNom\u00e9s puc donar les gr\u00e0cies a l\u2019entitat i a les persones que m\u2019heu acompanyat aquests trenta anys\u201d","datePublished":"2018-12-19T23:00:00+00:00","dateModified":"2021-02-17T17:35:11+00:00","mainEntityOfPage":{"@id":"https:\/\/abd.ong\/ca\/general-ca\/lluis-nomes-puc-donar-les-gracies-a-lentitat-i-a-les-persones-que-mheu-acompanyat-aquests-trenta-anys\/"},"wordCount":301,"publisher":{"@id":"https:\/\/abd.ong\/ca\/#organization"},"image":{"@id":"https:\/\/abd.ong\/ca\/general-ca\/lluis-nomes-puc-donar-les-gracies-a-lentitat-i-a-les-persones-que-mheu-acompanyat-aquests-trenta-anys\/#primaryimage"},"thumbnailUrl":"https:\/\/abd.ong\/wp-content\/uploads\/1970\/01\/IMG_20181218_121706.jpg","keywords":["ABD","Associaci\u00f3 Benestar i Desenvlupament","voluntari","Voluntariat"],"articleSection":["General","Voluntariat"],"inLanguage":"ca"},{"@type":"WebPage","@id":"https:\/\/abd.ong\/ca\/general-ca\/lluis-nomes-puc-donar-les-gracies-a-lentitat-i-a-les-persones-que-mheu-acompanyat-aquests-trenta-anys\/","url":"https:\/\/abd.ong\/ca\/general-ca\/lluis-nomes-puc-donar-les-gracies-a-lentitat-i-a-les-persones-que-mheu-acompanyat-aquests-trenta-anys\/","name":"Llu\u00eds: \u201cNom\u00e9s puc donar les gr\u00e0cies a l\u2019entitat i a les persones que m\u2019heu acompanyat aquests trenta anys\u201d - ABD","isPartOf":{"@id":"https:\/\/abd.ong\/ca\/#website"},"primaryImageOfPage":{"@id":"https:\/\/abd.ong\/ca\/general-ca\/lluis-nomes-puc-donar-les-gracies-a-lentitat-i-a-les-persones-que-mheu-acompanyat-aquests-trenta-anys\/#primaryimage"},"image":{"@id":"https:\/\/abd.ong\/ca\/general-ca\/lluis-nomes-puc-donar-les-gracies-a-lentitat-i-a-les-persones-que-mheu-acompanyat-aquests-trenta-anys\/#primaryimage"},"thumbnailUrl":"https:\/\/abd.ong\/wp-content\/uploads\/1970\/01\/IMG_20181218_121706.jpg","datePublished":"2018-12-19T23:00:00+00:00","dateModified":"2021-02-17T17:35:11+00:00","description":"En Llu\u00eds, voluntari de l'Associaci\u00f3 Benestar i Desenvolupament (ABD), t\u00e9 relaci\u00f3 amb l\u2019entitat des de l\u2019any 1988. \u201cVaig comen\u00e7ar a col\u00b7laborar de forma","breadcrumb":{"@id":"https:\/\/abd.ong\/ca\/general-ca\/lluis-nomes-puc-donar-les-gracies-a-lentitat-i-a-les-persones-que-mheu-acompanyat-aquests-trenta-anys\/#breadcrumb"},"inLanguage":"ca","potentialAction":[{"@type":"ReadAction","target":["https:\/\/abd.ong\/ca\/general-ca\/lluis-nomes-puc-donar-les-gracies-a-lentitat-i-a-les-persones-que-mheu-acompanyat-aquests-trenta-anys\/"]}]},{"@type":"ImageObject","inLanguage":"ca","@id":"https:\/\/abd.ong\/ca\/general-ca\/lluis-nomes-puc-donar-les-gracies-a-lentitat-i-a-les-persones-que-mheu-acompanyat-aquests-trenta-anys\/#primaryimage","url":"https:\/\/abd.ong\/wp-content\/uploads\/1970\/01\/IMG_20181218_121706.jpg","contentUrl":"https:\/\/abd.ong\/wp-content\/uploads\/1970\/01\/IMG_20181218_121706.jpg","width":2048,"height":1536},{"@type":"BreadcrumbList","@id":"https:\/\/abd.ong\/ca\/general-ca\/lluis-nomes-puc-donar-les-gracies-a-lentitat-i-a-les-persones-que-mheu-acompanyat-aquests-trenta-anys\/#breadcrumb","itemListElement":[{"@type":"ListItem","position":1,"name":"Inici","item":"https:\/\/abd.ong\/ca\/"},{"@type":"ListItem","position":2,"name":"Llu\u00eds: \u201cNom\u00e9s puc donar les gr\u00e0cies a l\u2019entitat i a les persones que m\u2019heu acompanyat aquests trenta anys\u201d"}]},{"@type":"WebSite","@id":"https:\/\/abd.ong\/ca\/#website","url":"https:\/\/abd.ong\/ca\/","name":"ABD","description":"Asociaci\u00f3n Bienestar y Desarrollo","publisher":{"@id":"https:\/\/abd.ong\/ca\/#organization"},"potentialAction":[{"@type":"SearchAction","target":{"@type":"EntryPoint","urlTemplate":"https:\/\/abd.ong\/ca\/?s={search_term_string}"},"query-input":{"@type":"PropertyValueSpecification","valueRequired":true,"valueName":"search_term_string"}}],"inLanguage":"ca"},{"@type":"Organization","@id":"https:\/\/abd.ong\/ca\/#organization","name":"Associaci\u00f3 Benestar i Desenvolupament","alternateName":"ABD","url":"https:\/\/abd.ong\/ca\/","logo":{"@type":"ImageObject","inLanguage":"ca","@id":"https:\/\/abd.ong\/ca\/#\/schema\/logo\/image\/","url":"https:\/\/abd.ong\/wp-content\/uploads\/2023\/01\/Icona.png","contentUrl":"https:\/\/abd.ong\/wp-content\/uploads\/2023\/01\/Icona.png","width":190,"height":187,"caption":"Associaci\u00f3 Benestar i Desenvolupament"},"image":{"@id":"https:\/\/abd.ong\/ca\/#\/schema\/logo\/image\/"},"sameAs":["https:\/\/www.facebook.com\/abd.ong","https:\/\/x.com\/abd_ong","https:\/\/www.instagram.com\/abd_ong\/","https:\/\/www.linkedin.com\/company\/abdong","https:\/\/www.youtube.com\/user\/CANALABD"]},{"@type":"Person","@id":"https:\/\/abd.ong\/ca\/#\/schema\/person\/1b9cf116597cda3a4b8900a43c641f6e","name":"M_Disseny"}]}},"_links":{"self":[{"href":"https:\/\/abd.ong\/ca\/wp-json\/wp\/v2\/posts\/10202","targetHints":{"allow":["GET"]}}],"collection":[{"href":"https:\/\/abd.ong\/ca\/wp-json\/wp\/v2\/posts"}],"about":[{"href":"https:\/\/abd.ong\/ca\/wp-json\/wp\/v2\/types\/post"}],"author":[{"embeddable":true,"href":"https:\/\/abd.ong\/ca\/wp-json\/wp\/v2\/users\/1"}],"replies":[{"embeddable":true,"href":"https:\/\/abd.ong\/ca\/wp-json\/wp\/v2\/comments?post=10202"}],"version-history":[{"count":2,"href":"https:\/\/abd.ong\/ca\/wp-json\/wp\/v2\/posts\/10202\/revisions"}],"predecessor-version":[{"id":20090,"href":"https:\/\/abd.ong\/ca\/wp-json\/wp\/v2\/posts\/10202\/revisions\/20090"}],"wp:featuredmedia":[{"embeddable":true,"href":"https:\/\/abd.ong\/ca\/wp-json\/wp\/v2\/media\/1301"}],"wp:attachment":[{"href":"https:\/\/abd.ong\/ca\/wp-json\/wp\/v2\/media?parent=10202"}],"wp:term":[{"taxonomy":"category","embeddable":true,"href":"https:\/\/abd.ong\/ca\/wp-json\/wp\/v2\/categories?post=10202"},{"taxonomy":"post_tag","embeddable":true,"href":"https:\/\/abd.ong\/ca\/wp-json\/wp\/v2\/tags?post=10202"}],"curies":[{"name":"wp","href":"https:\/\/api.w.org\/{rel}","templated":true}]}}