{"id":10193,"date":"2018-12-03T00:00:00","date_gmt":"2018-12-02T23:00:00","guid":{"rendered":"https:\/\/abd.ong\/sin-categorizar\/integra-amb-la-participacio-dabd-llanca-el-i-concurs-nacional-de-curts-intergeneracionals\/"},"modified":"2021-02-18T16:07:35","modified_gmt":"2021-02-18T15:07:35","slug":"integra-amb-la-participacio-dabd-llanca-el-i-concurs-nacional-de-curts-intergeneracionals","status":"publish","type":"post","link":"https:\/\/abd.ong\/ca\/general-ca\/integra-amb-la-participacio-dabd-llanca-el-i-concurs-nacional-de-curts-intergeneracionals\/","title":{"rendered":"INTEGRA +, amb la participaci\u00f3 d&#8217;ABD, llan\u00e7a el I Concurs Nacional de Curts Intergeneracionals"},"content":{"rendered":"<p><strong>INTEGRA+<\/strong>, que compta amb la participaci\u00f3 d&#8217;<a href=\"https:\/\/abd.ong\"><strong>ABD<\/strong><\/a> i quatre entitats m\u00e9s, organitza el <strong>I Concurs Nacional de Curts Intergeneracionals<\/strong> amb la finalitat d&#8217;il\u00b7lustrar &#8220;<em>Una hist\u00f2ria de respecte i admiraci\u00f3 cap a una persona gran<\/em>&#8220;. El concurs est\u00e0 obert a tots els centres educatius i d&#8217;educaci\u00f3 especial d&#8217;Espanya i vol aconseguir <strong>introduir la cultura del bon tracte cap a la persona gran\u00a0<\/strong>i aconseguir el di\u00e0leg entre joves i grans.<\/p>\n<p>Els curts guanyadors rebran un <strong>premi de 2.000 euros<\/strong>. Amb aquest guard\u00f3, els centres premiats podran comen\u00e7ar o continuar amb el foment de la solidaritat intergeneracional a les aules. Els premis s&#8217;atorgaran el 29 d&#8217;abril de 2019, coincidint amb la celebraci\u00f3 del <strong>Dia Europeu de la Solidaritat Intergeneracional<\/strong>. Aquest dia, <strong>INTEGRA+<\/strong> organitza a les instal\u00b7lacions de la Fundaci\u00f3 Bot\u00edn la <strong>I Jornada de Solidaritat Intergeneracional<\/strong> on, a m\u00e9s de con\u00e8ixer el nom dels centres educatius premiats, es posaran en com\u00fa pr\u00e0ctiques intergeneracionals que ja s&#8217;estan desenvolupant amb \u00e8xit a casa nostra.<\/p>\n<h3>\u00bfQu\u00e8 \u00e9s INTEGRA+?<\/h3>\n<p><strong>INTEGRA+<\/strong>\u00a0sorgeix de la uni\u00f3 de cinc entitats guanyadores del premi de la <strong>XVI Convocat\u00f2ria del Desafiament del Talent Solidari<\/strong> promogut per la Fundaci\u00f3 Bot\u00edn. La missi\u00f3 d&#8217;aquesta uni\u00f3 \u00e9s promocionar la col\u00b7laboraci\u00f3 i les relacions entre generacions mitjan\u00e7ant activitats intergeneracionals en l&#8217;\u00e0mbit educatiu. T\u00e9 l&#8217;objectiu de <strong>visibilitzar els valors que les persones grans<\/strong> aporten als joves i viceversa, a m\u00e9s de a la societat en general.<\/p>\n<p>Les entitats que conformen <strong>INTEGRA+<\/strong> s\u00f3n <a href=\"https:\/\/abd.ong\"><strong>ABD<\/strong><\/a>, <strong><a href=\"https:\/\/accionfamiliar.org\/\">Acci\u00f3n Familiar<\/a><\/strong>, <strong><a href=\"https:\/\/anilia.org\/\">Anilia<\/a><\/strong>, <strong><a href=\"https:\/\/www.fundacionescuelaideo.edu.es\/\">Fundaci\u00f3n Escuela IDEO<\/a><\/strong>\u00a0i\u00a0<strong><a href=\"https:\/\/fundacionactivate.org\/\">Fundaci\u00f3n Educativa Activa-t<\/a><\/strong>.<\/p>\n<p>Si vols participar en el concurs, et pots inscriure <strong>aqu\u00ed<\/strong>!<\/p>\n","protected":false},"excerpt":{"rendered":"<p>INTEGRA+, que compta amb la participaci\u00f3 d&#8217;ABD i quatre entitats m\u00e9s, organitza el I Concurs Nacional de Curts Intergeneracionals amb la finalitat d&#8217;il\u00b7lustrar &#8220;Una hist\u00f2ria de respecte i admiraci\u00f3 cap&hellip;<\/p>\n","protected":false},"author":1,"featured_media":1191,"comment_status":"closed","ping_status":"closed","sticky":false,"template":"","format":"standard","meta":{"_acf_changed":false,"footnotes":""},"categories":[1292,65,66],"tags":[],"class_list":["post-10193","post","type-post","status-publish","format-standard","has-post-thumbnail","hentry","category-dependencia-y-mayores","category-general","category-general-ca","ods-reduccio-de-les-desigualtats","ods-salut-i-benestar","right-dret-a-la-integritat-personal","right-drets-de-les-persones-grans"],"acf":[],"yoast_head":"<!-- This site is optimized with the Yoast SEO plugin v27.4 - https:\/\/yoast.com\/product\/yoast-seo-wordpress\/ -->\n<title>INTEGRA +, amb la participaci\u00f3 d&#039;ABD, llan\u00e7a el I Concurs Nacional de Curts Intergeneracionals - ABD<\/title>\n<meta name=\"description\" content=\"INTEGRA+, que compta amb la participaci\u00f3 d&#039;ABD i quatre entitats m\u00e9s, organitza el I Concurs Nacional de Curts Intergeneracionals amb la finalitat\" \/>\n<meta name=\"robots\" content=\"index, follow, max-snippet:-1, max-image-preview:large, max-video-preview:-1\" \/>\n<link rel=\"canonical\" href=\"https:\/\/abd.ong\/ca\/general-ca\/integra-amb-la-participacio-dabd-llanca-el-i-concurs-nacional-de-curts-intergeneracionals\/\" \/>\n<meta property=\"og:locale\" content=\"ca_ES\" \/>\n<meta property=\"og:type\" content=\"article\" \/>\n<meta property=\"og:title\" content=\"INTEGRA +, amb la participaci\u00f3 d&#039;ABD, llan\u00e7a el I Concurs Nacional de Curts Intergeneracionals - ABD\" \/>\n<meta property=\"og:description\" content=\"INTEGRA+, que compta amb la participaci\u00f3 d&#039;ABD i quatre entitats m\u00e9s, organitza el I Concurs Nacional de Curts Intergeneracionals amb la finalitat\" \/>\n<meta property=\"og:url\" content=\"https:\/\/abd.ong\/ca\/general-ca\/integra-amb-la-participacio-dabd-llanca-el-i-concurs-nacional-de-curts-intergeneracionals\/\" \/>\n<meta property=\"og:site_name\" content=\"ABD\" \/>\n<meta property=\"article:publisher\" content=\"https:\/\/www.facebook.com\/abd.ong\" \/>\n<meta property=\"article:published_time\" content=\"2018-12-02T23:00:00+00:00\" \/>\n<meta property=\"article:modified_time\" content=\"2021-02-18T15:07:35+00:00\" \/>\n<meta property=\"og:image\" content=\"https:\/\/abd.ong\/wp-content\/uploads\/2018\/03\/concurso-cortos-intergeneracionales.png\" \/>\n\t<meta property=\"og:image:width\" content=\"1333\" \/>\n\t<meta property=\"og:image:height\" content=\"960\" \/>\n\t<meta property=\"og:image:type\" content=\"image\/png\" \/>\n<meta name=\"author\" content=\"M_Disseny\" \/>\n<meta name=\"twitter:card\" content=\"summary_large_image\" \/>\n<meta name=\"twitter:creator\" content=\"@abd_ong\" \/>\n<meta name=\"twitter:site\" content=\"@abd_ong\" \/>\n<meta name=\"twitter:label1\" content=\"Escrit per\" \/>\n\t<meta name=\"twitter:data1\" content=\"M_Disseny\" \/>\n\t<meta name=\"twitter:label2\" content=\"Temps estimat de lectura\" \/>\n\t<meta name=\"twitter:data2\" content=\"1 minut\" \/>\n<script type=\"application\/ld+json\" class=\"yoast-schema-graph\">{\"@context\":\"https:\\\/\\\/schema.org\",\"@graph\":[{\"@type\":\"Article\",\"@id\":\"https:\\\/\\\/abd.ong\\\/ca\\\/general-ca\\\/integra-amb-la-participacio-dabd-llanca-el-i-concurs-nacional-de-curts-intergeneracionals\\\/#article\",\"isPartOf\":{\"@id\":\"https:\\\/\\\/abd.ong\\\/ca\\\/general-ca\\\/integra-amb-la-participacio-dabd-llanca-el-i-concurs-nacional-de-curts-intergeneracionals\\\/\"},\"author\":{\"name\":\"M_Disseny\",\"@id\":\"https:\\\/\\\/abd.ong\\\/ca\\\/#\\\/schema\\\/person\\\/1b9cf116597cda3a4b8900a43c641f6e\"},\"headline\":\"INTEGRA +, amb la participaci\u00f3 d&#8217;ABD, llan\u00e7a el I Concurs Nacional de Curts Intergeneracionals\",\"datePublished\":\"2018-12-02T23:00:00+00:00\",\"dateModified\":\"2021-02-18T15:07:35+00:00\",\"mainEntityOfPage\":{\"@id\":\"https:\\\/\\\/abd.ong\\\/ca\\\/general-ca\\\/integra-amb-la-participacio-dabd-llanca-el-i-concurs-nacional-de-curts-intergeneracionals\\\/\"},\"wordCount\":298,\"publisher\":{\"@id\":\"https:\\\/\\\/abd.ong\\\/ca\\\/#organization\"},\"image\":{\"@id\":\"https:\\\/\\\/abd.ong\\\/ca\\\/general-ca\\\/integra-amb-la-participacio-dabd-llanca-el-i-concurs-nacional-de-curts-intergeneracionals\\\/#primaryimage\"},\"thumbnailUrl\":\"https:\\\/\\\/abd.ong\\\/wp-content\\\/uploads\\\/2018\\\/03\\\/concurso-cortos-intergeneracionales.png\",\"articleSection\":[\"Dependencia y mayores\",\"General\",\"General\"],\"inLanguage\":\"ca\"},{\"@type\":\"WebPage\",\"@id\":\"https:\\\/\\\/abd.ong\\\/ca\\\/general-ca\\\/integra-amb-la-participacio-dabd-llanca-el-i-concurs-nacional-de-curts-intergeneracionals\\\/\",\"url\":\"https:\\\/\\\/abd.ong\\\/ca\\\/general-ca\\\/integra-amb-la-participacio-dabd-llanca-el-i-concurs-nacional-de-curts-intergeneracionals\\\/\",\"name\":\"INTEGRA +, amb la participaci\u00f3 d'ABD, llan\u00e7a el I Concurs Nacional de Curts Intergeneracionals - ABD\",\"isPartOf\":{\"@id\":\"https:\\\/\\\/abd.ong\\\/ca\\\/#website\"},\"primaryImageOfPage\":{\"@id\":\"https:\\\/\\\/abd.ong\\\/ca\\\/general-ca\\\/integra-amb-la-participacio-dabd-llanca-el-i-concurs-nacional-de-curts-intergeneracionals\\\/#primaryimage\"},\"image\":{\"@id\":\"https:\\\/\\\/abd.ong\\\/ca\\\/general-ca\\\/integra-amb-la-participacio-dabd-llanca-el-i-concurs-nacional-de-curts-intergeneracionals\\\/#primaryimage\"},\"thumbnailUrl\":\"https:\\\/\\\/abd.ong\\\/wp-content\\\/uploads\\\/2018\\\/03\\\/concurso-cortos-intergeneracionales.png\",\"datePublished\":\"2018-12-02T23:00:00+00:00\",\"dateModified\":\"2021-02-18T15:07:35+00:00\",\"description\":\"INTEGRA+, que compta amb la participaci\u00f3 d'ABD i quatre entitats m\u00e9s, organitza el I Concurs Nacional de Curts Intergeneracionals amb la finalitat\",\"breadcrumb\":{\"@id\":\"https:\\\/\\\/abd.ong\\\/ca\\\/general-ca\\\/integra-amb-la-participacio-dabd-llanca-el-i-concurs-nacional-de-curts-intergeneracionals\\\/#breadcrumb\"},\"inLanguage\":\"ca\",\"potentialAction\":[{\"@type\":\"ReadAction\",\"target\":[\"https:\\\/\\\/abd.ong\\\/ca\\\/general-ca\\\/integra-amb-la-participacio-dabd-llanca-el-i-concurs-nacional-de-curts-intergeneracionals\\\/\"]}]},{\"@type\":\"ImageObject\",\"inLanguage\":\"ca\",\"@id\":\"https:\\\/\\\/abd.ong\\\/ca\\\/general-ca\\\/integra-amb-la-participacio-dabd-llanca-el-i-concurs-nacional-de-curts-intergeneracionals\\\/#primaryimage\",\"url\":\"https:\\\/\\\/abd.ong\\\/wp-content\\\/uploads\\\/2018\\\/03\\\/concurso-cortos-intergeneracionales.png\",\"contentUrl\":\"https:\\\/\\\/abd.ong\\\/wp-content\\\/uploads\\\/2018\\\/03\\\/concurso-cortos-intergeneracionales.png\",\"width\":1333,\"height\":960},{\"@type\":\"BreadcrumbList\",\"@id\":\"https:\\\/\\\/abd.ong\\\/ca\\\/general-ca\\\/integra-amb-la-participacio-dabd-llanca-el-i-concurs-nacional-de-curts-intergeneracionals\\\/#breadcrumb\",\"itemListElement\":[{\"@type\":\"ListItem\",\"position\":1,\"name\":\"Inici\",\"item\":\"https:\\\/\\\/abd.ong\\\/ca\\\/\"},{\"@type\":\"ListItem\",\"position\":2,\"name\":\"INTEGRA +, amb la participaci\u00f3 d&#8217;ABD, llan\u00e7a el I Concurs Nacional de Curts Intergeneracionals\"}]},{\"@type\":\"WebSite\",\"@id\":\"https:\\\/\\\/abd.ong\\\/ca\\\/#website\",\"url\":\"https:\\\/\\\/abd.ong\\\/ca\\\/\",\"name\":\"ABD\",\"description\":\"Asociaci\u00f3n Bienestar y Desarrollo\",\"publisher\":{\"@id\":\"https:\\\/\\\/abd.ong\\\/ca\\\/#organization\"},\"potentialAction\":[{\"@type\":\"SearchAction\",\"target\":{\"@type\":\"EntryPoint\",\"urlTemplate\":\"https:\\\/\\\/abd.ong\\\/ca\\\/?s={search_term_string}\"},\"query-input\":{\"@type\":\"PropertyValueSpecification\",\"valueRequired\":true,\"valueName\":\"search_term_string\"}}],\"inLanguage\":\"ca\"},{\"@type\":\"Organization\",\"@id\":\"https:\\\/\\\/abd.ong\\\/ca\\\/#organization\",\"name\":\"Associaci\u00f3 Benestar i Desenvolupament\",\"alternateName\":\"ABD\",\"url\":\"https:\\\/\\\/abd.ong\\\/ca\\\/\",\"logo\":{\"@type\":\"ImageObject\",\"inLanguage\":\"ca\",\"@id\":\"https:\\\/\\\/abd.ong\\\/ca\\\/#\\\/schema\\\/logo\\\/image\\\/\",\"url\":\"https:\\\/\\\/abd.ong\\\/wp-content\\\/uploads\\\/2023\\\/01\\\/Icona.png\",\"contentUrl\":\"https:\\\/\\\/abd.ong\\\/wp-content\\\/uploads\\\/2023\\\/01\\\/Icona.png\",\"width\":190,\"height\":187,\"caption\":\"Associaci\u00f3 Benestar i Desenvolupament\"},\"image\":{\"@id\":\"https:\\\/\\\/abd.ong\\\/ca\\\/#\\\/schema\\\/logo\\\/image\\\/\"},\"sameAs\":[\"https:\\\/\\\/www.facebook.com\\\/abd.ong\",\"https:\\\/\\\/x.com\\\/abd_ong\",\"https:\\\/\\\/www.instagram.com\\\/abd_ong\\\/\",\"https:\\\/\\\/www.linkedin.com\\\/company\\\/abdong\",\"https:\\\/\\\/www.youtube.com\\\/user\\\/CANALABD\"]},{\"@type\":\"Person\",\"@id\":\"https:\\\/\\\/abd.ong\\\/ca\\\/#\\\/schema\\\/person\\\/1b9cf116597cda3a4b8900a43c641f6e\",\"name\":\"M_Disseny\"}]}<\/script>\n<!-- \/ Yoast SEO plugin. -->","yoast_head_json":{"title":"INTEGRA +, amb la participaci\u00f3 d'ABD, llan\u00e7a el I Concurs Nacional de Curts Intergeneracionals - ABD","description":"INTEGRA+, que compta amb la participaci\u00f3 d'ABD i quatre entitats m\u00e9s, organitza el I Concurs Nacional de Curts Intergeneracionals amb la finalitat","robots":{"index":"index","follow":"follow","max-snippet":"max-snippet:-1","max-image-preview":"max-image-preview:large","max-video-preview":"max-video-preview:-1"},"canonical":"https:\/\/abd.ong\/ca\/general-ca\/integra-amb-la-participacio-dabd-llanca-el-i-concurs-nacional-de-curts-intergeneracionals\/","og_locale":"ca_ES","og_type":"article","og_title":"INTEGRA +, amb la participaci\u00f3 d'ABD, llan\u00e7a el I Concurs Nacional de Curts Intergeneracionals - ABD","og_description":"INTEGRA+, que compta amb la participaci\u00f3 d'ABD i quatre entitats m\u00e9s, organitza el I Concurs Nacional de Curts Intergeneracionals amb la finalitat","og_url":"https:\/\/abd.ong\/ca\/general-ca\/integra-amb-la-participacio-dabd-llanca-el-i-concurs-nacional-de-curts-intergeneracionals\/","og_site_name":"ABD","article_publisher":"https:\/\/www.facebook.com\/abd.ong","article_published_time":"2018-12-02T23:00:00+00:00","article_modified_time":"2021-02-18T15:07:35+00:00","og_image":[{"width":1333,"height":960,"url":"https:\/\/abd.ong\/wp-content\/uploads\/2018\/03\/concurso-cortos-intergeneracionales.png","type":"image\/png"}],"author":"M_Disseny","twitter_card":"summary_large_image","twitter_creator":"@abd_ong","twitter_site":"@abd_ong","twitter_misc":{"Escrit per":"M_Disseny","Temps estimat de lectura":"1 minut"},"schema":{"@context":"https:\/\/schema.org","@graph":[{"@type":"Article","@id":"https:\/\/abd.ong\/ca\/general-ca\/integra-amb-la-participacio-dabd-llanca-el-i-concurs-nacional-de-curts-intergeneracionals\/#article","isPartOf":{"@id":"https:\/\/abd.ong\/ca\/general-ca\/integra-amb-la-participacio-dabd-llanca-el-i-concurs-nacional-de-curts-intergeneracionals\/"},"author":{"name":"M_Disseny","@id":"https:\/\/abd.ong\/ca\/#\/schema\/person\/1b9cf116597cda3a4b8900a43c641f6e"},"headline":"INTEGRA +, amb la participaci\u00f3 d&#8217;ABD, llan\u00e7a el I Concurs Nacional de Curts Intergeneracionals","datePublished":"2018-12-02T23:00:00+00:00","dateModified":"2021-02-18T15:07:35+00:00","mainEntityOfPage":{"@id":"https:\/\/abd.ong\/ca\/general-ca\/integra-amb-la-participacio-dabd-llanca-el-i-concurs-nacional-de-curts-intergeneracionals\/"},"wordCount":298,"publisher":{"@id":"https:\/\/abd.ong\/ca\/#organization"},"image":{"@id":"https:\/\/abd.ong\/ca\/general-ca\/integra-amb-la-participacio-dabd-llanca-el-i-concurs-nacional-de-curts-intergeneracionals\/#primaryimage"},"thumbnailUrl":"https:\/\/abd.ong\/wp-content\/uploads\/2018\/03\/concurso-cortos-intergeneracionales.png","articleSection":["Dependencia y mayores","General","General"],"inLanguage":"ca"},{"@type":"WebPage","@id":"https:\/\/abd.ong\/ca\/general-ca\/integra-amb-la-participacio-dabd-llanca-el-i-concurs-nacional-de-curts-intergeneracionals\/","url":"https:\/\/abd.ong\/ca\/general-ca\/integra-amb-la-participacio-dabd-llanca-el-i-concurs-nacional-de-curts-intergeneracionals\/","name":"INTEGRA +, amb la participaci\u00f3 d'ABD, llan\u00e7a el I Concurs Nacional de Curts Intergeneracionals - ABD","isPartOf":{"@id":"https:\/\/abd.ong\/ca\/#website"},"primaryImageOfPage":{"@id":"https:\/\/abd.ong\/ca\/general-ca\/integra-amb-la-participacio-dabd-llanca-el-i-concurs-nacional-de-curts-intergeneracionals\/#primaryimage"},"image":{"@id":"https:\/\/abd.ong\/ca\/general-ca\/integra-amb-la-participacio-dabd-llanca-el-i-concurs-nacional-de-curts-intergeneracionals\/#primaryimage"},"thumbnailUrl":"https:\/\/abd.ong\/wp-content\/uploads\/2018\/03\/concurso-cortos-intergeneracionales.png","datePublished":"2018-12-02T23:00:00+00:00","dateModified":"2021-02-18T15:07:35+00:00","description":"INTEGRA+, que compta amb la participaci\u00f3 d'ABD i quatre entitats m\u00e9s, organitza el I Concurs Nacional de Curts Intergeneracionals amb la finalitat","breadcrumb":{"@id":"https:\/\/abd.ong\/ca\/general-ca\/integra-amb-la-participacio-dabd-llanca-el-i-concurs-nacional-de-curts-intergeneracionals\/#breadcrumb"},"inLanguage":"ca","potentialAction":[{"@type":"ReadAction","target":["https:\/\/abd.ong\/ca\/general-ca\/integra-amb-la-participacio-dabd-llanca-el-i-concurs-nacional-de-curts-intergeneracionals\/"]}]},{"@type":"ImageObject","inLanguage":"ca","@id":"https:\/\/abd.ong\/ca\/general-ca\/integra-amb-la-participacio-dabd-llanca-el-i-concurs-nacional-de-curts-intergeneracionals\/#primaryimage","url":"https:\/\/abd.ong\/wp-content\/uploads\/2018\/03\/concurso-cortos-intergeneracionales.png","contentUrl":"https:\/\/abd.ong\/wp-content\/uploads\/2018\/03\/concurso-cortos-intergeneracionales.png","width":1333,"height":960},{"@type":"BreadcrumbList","@id":"https:\/\/abd.ong\/ca\/general-ca\/integra-amb-la-participacio-dabd-llanca-el-i-concurs-nacional-de-curts-intergeneracionals\/#breadcrumb","itemListElement":[{"@type":"ListItem","position":1,"name":"Inici","item":"https:\/\/abd.ong\/ca\/"},{"@type":"ListItem","position":2,"name":"INTEGRA +, amb la participaci\u00f3 d&#8217;ABD, llan\u00e7a el I Concurs Nacional de Curts Intergeneracionals"}]},{"@type":"WebSite","@id":"https:\/\/abd.ong\/ca\/#website","url":"https:\/\/abd.ong\/ca\/","name":"ABD","description":"Asociaci\u00f3n Bienestar y Desarrollo","publisher":{"@id":"https:\/\/abd.ong\/ca\/#organization"},"potentialAction":[{"@type":"SearchAction","target":{"@type":"EntryPoint","urlTemplate":"https:\/\/abd.ong\/ca\/?s={search_term_string}"},"query-input":{"@type":"PropertyValueSpecification","valueRequired":true,"valueName":"search_term_string"}}],"inLanguage":"ca"},{"@type":"Organization","@id":"https:\/\/abd.ong\/ca\/#organization","name":"Associaci\u00f3 Benestar i Desenvolupament","alternateName":"ABD","url":"https:\/\/abd.ong\/ca\/","logo":{"@type":"ImageObject","inLanguage":"ca","@id":"https:\/\/abd.ong\/ca\/#\/schema\/logo\/image\/","url":"https:\/\/abd.ong\/wp-content\/uploads\/2023\/01\/Icona.png","contentUrl":"https:\/\/abd.ong\/wp-content\/uploads\/2023\/01\/Icona.png","width":190,"height":187,"caption":"Associaci\u00f3 Benestar i Desenvolupament"},"image":{"@id":"https:\/\/abd.ong\/ca\/#\/schema\/logo\/image\/"},"sameAs":["https:\/\/www.facebook.com\/abd.ong","https:\/\/x.com\/abd_ong","https:\/\/www.instagram.com\/abd_ong\/","https:\/\/www.linkedin.com\/company\/abdong","https:\/\/www.youtube.com\/user\/CANALABD"]},{"@type":"Person","@id":"https:\/\/abd.ong\/ca\/#\/schema\/person\/1b9cf116597cda3a4b8900a43c641f6e","name":"M_Disseny"}]}},"_links":{"self":[{"href":"https:\/\/abd.ong\/ca\/wp-json\/wp\/v2\/posts\/10193","targetHints":{"allow":["GET"]}}],"collection":[{"href":"https:\/\/abd.ong\/ca\/wp-json\/wp\/v2\/posts"}],"about":[{"href":"https:\/\/abd.ong\/ca\/wp-json\/wp\/v2\/types\/post"}],"author":[{"embeddable":true,"href":"https:\/\/abd.ong\/ca\/wp-json\/wp\/v2\/users\/1"}],"replies":[{"embeddable":true,"href":"https:\/\/abd.ong\/ca\/wp-json\/wp\/v2\/comments?post=10193"}],"version-history":[{"count":3,"href":"https:\/\/abd.ong\/ca\/wp-json\/wp\/v2\/posts\/10193\/revisions"}],"predecessor-version":[{"id":20621,"href":"https:\/\/abd.ong\/ca\/wp-json\/wp\/v2\/posts\/10193\/revisions\/20621"}],"wp:featuredmedia":[{"embeddable":true,"href":"https:\/\/abd.ong\/ca\/wp-json\/wp\/v2\/media\/1191"}],"wp:attachment":[{"href":"https:\/\/abd.ong\/ca\/wp-json\/wp\/v2\/media?parent=10193"}],"wp:term":[{"taxonomy":"category","embeddable":true,"href":"https:\/\/abd.ong\/ca\/wp-json\/wp\/v2\/categories?post=10193"},{"taxonomy":"post_tag","embeddable":true,"href":"https:\/\/abd.ong\/ca\/wp-json\/wp\/v2\/tags?post=10193"}],"curies":[{"name":"wp","href":"https:\/\/api.w.org\/{rel}","templated":true}]}}