{"id":10158,"date":"2018-11-05T00:00:00","date_gmt":"2018-11-04T23:00:00","guid":{"rendered":"https:\/\/abd.ong\/sin-categorizar\/els-integrants-del-projecte-europeu-social-economy-for-care-visiten-els-programes-dabd-per-intercanviar-coneixements\/"},"modified":"2022-05-18T12:04:26","modified_gmt":"2022-05-18T10:04:26","slug":"els-integrants-del-projecte-europeu-social-economy-for-care-visiten-els-programes-dabd-per-intercanviar-coneixements","status":"publish","type":"post","link":"https:\/\/abd.ong\/ca\/dependencia-i-gent-gran\/els-integrants-del-projecte-europeu-social-economy-for-care-visiten-els-programes-dabd-per-intercanviar-coneixements\/","title":{"rendered":"Els integrants del projecte europeu \u2018Social Economy for Care\u2019 visiten els programes d\u2019ABD per intercanviar coneixements"},"content":{"rendered":"<p>L&#8217;<a href=\"https:\/\/abd.ong\">Associaci\u00f3 Benestar i Desenvolupament<\/a> acull durant tres dies la visita de les entitats socials que formen part del projecte europeu &#8216;Social Economy for Care&#8217;, una iniciativa nascuda a B\u00e8lgica i de la qual ABD \u00e9s part integrant com a entitat col\u00b7laboradora.<\/p>\n<p>En concret, el projecte se centra en la <strong>revaloraci\u00f3 d&#8217;habilitats i compet\u00e8ncies personals<\/strong> per trobar suficients professionals en el sector assistencial durant els pr\u00f2xims anys. En la trobada tamb\u00e9 hi participaran entitats de Pol\u00f2nia i It\u00e0lia, que, juntament amb ABD a Espanya, formen part del grup de recerca. Tot i tenir un \u00e0mbit d&#8217;incid\u00e8ncia europeu, &#8216;Social Economy for Care&#8217; \u00e9s finan\u00e7at pel govern de B\u00e8lgica.<\/p>\n<p>El projecte t\u00e9 el seu origen en la manca d&#8217;ocupaci\u00f3 de Flandes, que s&#8217;ha intensificat per motius demogr\u00e0fics. En aquest sentit, hi ha una preocupaci\u00f3 creixent per trobar suficients candidats que puguin substituir les persones empleades grans. \u00c9s per aix\u00f2 que s&#8217;estan debatent solucions laborals innovadores que permetin entrar en l&#8217;\u00e0mbit de les persones aturades no qualificades o de persones amb antecedents penals o migrants. &#8216;Social Economy for Care&#8217; \u00e9s el resultat de la <strong>col\u00b7laboraci\u00f3 amb el sector de l&#8217;economia social<\/strong>, i contempla iniciatives relacionades amb el treball manual o soft-skills, per poder posar en valorar habilitats i compet\u00e8ncies m\u00e9s enll\u00e0 de l&#8217;educaci\u00f3 formal.<\/p>\n<p>I \u00e9s en aquest context d&#8217;intercanvi d&#8217;idees i experi\u00e8ncies que es desenvolupa la recepci\u00f3 de Barcelona, la qual contempla tres dies de visites a diferents serveis i programes desenvolupats per ABD. L&#8217;objectiu principal \u00e9s el de mostrar propostes d&#8217;atenci\u00f3 a domicili o residencials per preparar propostes de futur; per\u00f2 tamb\u00e9 es valoraran les bones pr\u00e0ctiques de l&#8217;associaci\u00f3, els aprenentatges, els principis que regeixen l&#8217;\u00e0mbit de la cura als pa\u00efsos d&#8217;origen dels i les participants, i <strong>com afecten el mercat laboral<\/strong> i als sectors socials m\u00e9s vulnerables.<\/p>\n<p>&nbsp;<\/p>\n<p><a href=\"https:\/\/abd.ong\/blog\/wp-content\/uploads\/2018\/11\/IMG_20181105_183143_2.jpg\"><img fetchpriority=\"high\" decoding=\"async\" class=\" wp-image-2167 alignleft\" src=\"https:\/\/abd.ong\/blog\/wp-content\/uploads\/2018\/11\/IMG_20181105_183143_2-300x168.jpg\" alt=\"\" width=\"380\" height=\"213\" \/><\/a><\/p>\n<p><img decoding=\"async\" class=\"wp-image-2164 alignleft\" src=\"https:\/\/abd.ong\/blog\/wp-content\/uploads\/2018\/11\/IMG_20181105_173255_2-300x176.jpg\" alt=\"\" width=\"369\" height=\"216\" \/><\/p>\n<h3><\/h3>\n<p>&nbsp;<\/p>\n<p>&nbsp;<\/p>\n<p>&nbsp;<\/p>\n<p>&nbsp;<\/p>\n<h3><\/h3>\n<h3><\/h3>\n<h3>&#8220;Donem suport i dibuixem estrat\u00e8gies comuns per atacar problemes individuals&#8221;<\/h3>\n<p>La visita s&#8217;ha iniciat a la seu central d&#8217;ABD al carrer Quevedo amb la presentaci\u00f3 general de l&#8217;entitat a c\u00e0rrec de la gerent, \u00c0ngels Guiteras, de la directora del departament t\u00e8cnic, M\u00f3nica Planas; i de la presidenta, Felisa P\u00e9rez.\u00a0Guiteras ha explicat els principals objectius de l&#8217;associaci\u00f3, aix\u00ed com els reptes que cal enfrontar. &#8220;Som un petit observatori.<strong> Innovem en mesures socials, en qualitat<\/strong>. Per exemple, en l&#8217;\u00e0rea de salut i cura, estem treballant amb una contrapart tecnol\u00f2gica. Estem comen\u00e7ant a provar una pantalla per ajudar a les persones grans&#8221;, ha explicat. Tamb\u00e9 ha posat \u00e8mfasi en la import\u00e0ncia dels treballadors en el dia a dia d&#8217;ABD, &#8220;s\u00f3n els qui fan aix\u00f2 possible&#8221;.<\/p>\n<p>Els altres dos dies els participants han assistit a la presentaci\u00f3 del projecte d&#8217;habitatges amb serveis, on han conegut el testimoni del funcionament de la <strong>Unitat Operativa Sociosanit\u00e0ria<\/strong>. Igualment, tamb\u00e9 han tingut l&#8217;ocasi\u00f3 de veure la feina dels <strong>Agents Energ\u00e8tics<\/strong>, aix\u00ed com la tasca que es realitza a la <strong>Sala Baluard<\/strong>.<\/p>\n<p>&nbsp;<\/p>\n<p><a href=\"https:\/\/abd.ong\/blog\/wp-content\/uploads\/2018\/11\/energy-control.jpg\"><img decoding=\"async\" class=\" wp-image-2250 alignleft\" src=\"https:\/\/abd.ong\/blog\/wp-content\/uploads\/2018\/11\/energy-control-300x225.jpg\" alt=\"\" width=\"372\" height=\"279\" \/><\/a> <a href=\"https:\/\/abd.ong\/blog\/wp-content\/uploads\/2018\/11\/mediadors-interculturals.jpg\"><img loading=\"lazy\" decoding=\"async\" class=\" wp-image-2253 alignleft\" src=\"https:\/\/abd.ong\/blog\/wp-content\/uploads\/2018\/11\/mediadors-interculturals-300x225.jpg\" alt=\"\" width=\"371\" height=\"278\" \/><\/a><\/p>\n<p>&nbsp;<\/p>\n<p>&nbsp;<\/p>\n<p>&nbsp;<\/p>\n<p>&nbsp;<\/p>\n<p>&nbsp;<\/p>\n<p>&nbsp;<\/p>\n<p>&nbsp;<\/p>\n<p>&nbsp;<\/p>\n<p>&nbsp;<\/p>\n<p>Durant el dimecres, el programa s&#8217;ha completat amb l&#8217;explicaci\u00f3 de la tasca dels <strong>Mediadors interculturals <\/strong>i\u00a0dels programes de <strong>Comunitat Activa,<\/strong>\u00a0<strong>Preinfant <\/strong>i <strong>Energy Control <\/strong>a\u00a0les instal\u00b7lacions d&#8217;ABD al carrer Independ\u00e8ncia 384. El coordinador del programa de mediaci\u00f3 <strong>Jorge Pellicer<\/strong> ha explicat que l&#8217;Ajuntament &#8220;recomana donar feina a aut\u00f2noms en situaci\u00f3 de risc d&#8217;exclusi\u00f3 social&#8221;, per tenir doble impacte social.<\/p>\n<p>Sobre el programa de reducci\u00f3 de danys de drogues Energy Control, <strong>Anna Menezes<\/strong> ha incidit en el fet que l&#8217;objectiu final del projecte \u00e9s el de donar informaci\u00f3 \u00fatil als usuaris i usu\u00e0ries i alertar-los de les subst\u00e0ncies adulterants que porta el que pretenen consumir. &#8220;No \u00e9s una postura prohibicionista o de temor, sin\u00f3 que t\u00e9 una funci\u00f3 informativa per a que la persona pugui escollir lliurement&#8221;.<\/p>\n<p>D&#8217;aquesta manera s&#8217;ha tancat la jornada de visita que ha durat tres dies amb les entitats participants del projecte &#8216;Social Economy for Care&#8217; s\u00f3n\u00a0<a href=\"https:\/\/www.cm.be\/\">Landsbond der Christelijke Mutualiteiten<\/a>, <a href=\"https:\/\/in-z.be\/\">IN-Z<\/a>, <a href=\"https:\/\/www.desocialekaart.be\/christelijke-mutualiteit-midden-vlaanderen-gent-lieven-bauwensbuilding-524469\">CM Midden-Vlaanderen<\/a> i <a href=\"https:\/\/www.cm.be\/limburg\">CM Limburg<\/a>, de B\u00e8lgica; ABD, d&#8217;Espanya; <a href=\"https:\/\/www.insiemesociale.it\/\">Societ\u00e1 Cooperativa Social<\/a> &#8220;Insieme Si Pu\u00f3&#8221;, d&#8217;It\u00e0lia; i <a href=\"https:\/\/pomagamy.flandria.pl\/\">Stowarzyszenie Wzajemnej Pomoocy &#8220;Flandria&#8221;<\/a>, de Pol\u00f2nia.<\/p>\n","protected":false},"excerpt":{"rendered":"<p>L&#8217;Associaci\u00f3 Benestar i Desenvolupament acull durant tres dies la visita de les entitats socials que formen part del projecte europeu &#8216;Social Economy for Care&#8217;, una iniciativa nascuda a B\u00e8lgica i&hellip;<\/p>\n","protected":false},"author":1,"featured_media":952,"comment_status":"closed","ping_status":"closed","sticky":false,"template":"","format":"standard","meta":{"_acf_changed":false,"footnotes":""},"categories":[1298,1299],"tags":[119,366,365,1261],"class_list":["post-10158","post","type-post","status-publish","format-standard","has-post-thumbnail","hentry","category-dependencia-i-gent-gran","category-desigualtat","tag-abd","tag-economia-social","tag-projecte-europeu","tag-social-economy-for-care-ca-2","ods-aliances-per-assolir-els-objectius","ods-reduccio-de-les-desigualtats","ods-treball-decent-i-creixement-economic","right-dret-a-la-salut","right-dret-a-la-seguretat-vital","right-dret-al-treball","right-drets-de-les-persones-grans"],"acf":[],"yoast_head":"<!-- This site is optimized with the Yoast SEO plugin v27.4 - https:\/\/yoast.com\/product\/yoast-seo-wordpress\/ -->\n<title>Els integrants del projecte europeu \u2018Social Economy for Care\u2019 visiten els programes d\u2019ABD per intercanviar coneixements - ABD<\/title>\n<meta name=\"description\" content=\"L&#039;Associaci\u00f3 Benestar i Desenvolupament acull durant tres dies la visita de les entitats socials que formen part del projecte europeu &#039;Social Economy for\" \/>\n<meta name=\"robots\" content=\"index, follow, max-snippet:-1, max-image-preview:large, max-video-preview:-1\" \/>\n<link rel=\"canonical\" href=\"https:\/\/abd.ong\/ca\/dependencia-i-gent-gran\/els-integrants-del-projecte-europeu-social-economy-for-care-visiten-els-programes-dabd-per-intercanviar-coneixements\/\" \/>\n<meta property=\"og:locale\" content=\"ca_ES\" \/>\n<meta property=\"og:type\" content=\"article\" \/>\n<meta property=\"og:title\" content=\"Els integrants del projecte europeu \u2018Social Economy for Care\u2019 visiten els programes d\u2019ABD per intercanviar coneixements - ABD\" \/>\n<meta property=\"og:description\" content=\"L&#039;Associaci\u00f3 Benestar i Desenvolupament acull durant tres dies la visita de les entitats socials que formen part del projecte europeu &#039;Social Economy for\" \/>\n<meta property=\"og:url\" content=\"https:\/\/abd.ong\/ca\/dependencia-i-gent-gran\/els-integrants-del-projecte-europeu-social-economy-for-care-visiten-els-programes-dabd-per-intercanviar-coneixements\/\" \/>\n<meta property=\"og:site_name\" content=\"ABD\" \/>\n<meta property=\"article:publisher\" content=\"https:\/\/www.facebook.com\/abd.ong\" \/>\n<meta property=\"article:published_time\" content=\"2018-11-04T23:00:00+00:00\" \/>\n<meta property=\"article:modified_time\" content=\"2022-05-18T10:04:26+00:00\" \/>\n<meta property=\"og:image\" content=\"https:\/\/abd.ong\/wp-content\/uploads\/2018\/05\/belgues-visita.jpg\" \/>\n\t<meta property=\"og:image:width\" content=\"2048\" \/>\n\t<meta property=\"og:image:height\" content=\"1468\" \/>\n\t<meta property=\"og:image:type\" content=\"image\/jpeg\" \/>\n<meta name=\"author\" content=\"M_Disseny\" \/>\n<meta name=\"twitter:card\" content=\"summary_large_image\" \/>\n<meta name=\"twitter:creator\" content=\"@abd_ong\" \/>\n<meta name=\"twitter:site\" content=\"@abd_ong\" \/>\n<meta name=\"twitter:label1\" content=\"Escrit per\" \/>\n\t<meta name=\"twitter:data1\" content=\"M_Disseny\" \/>\n\t<meta name=\"twitter:label2\" content=\"Temps estimat de lectura\" \/>\n\t<meta name=\"twitter:data2\" content=\"4 minuts\" \/>\n<script type=\"application\/ld+json\" class=\"yoast-schema-graph\">{\"@context\":\"https:\\\/\\\/schema.org\",\"@graph\":[{\"@type\":\"Article\",\"@id\":\"https:\\\/\\\/abd.ong\\\/ca\\\/dependencia-i-gent-gran\\\/els-integrants-del-projecte-europeu-social-economy-for-care-visiten-els-programes-dabd-per-intercanviar-coneixements\\\/#article\",\"isPartOf\":{\"@id\":\"https:\\\/\\\/abd.ong\\\/ca\\\/dependencia-i-gent-gran\\\/els-integrants-del-projecte-europeu-social-economy-for-care-visiten-els-programes-dabd-per-intercanviar-coneixements\\\/\"},\"author\":{\"name\":\"M_Disseny\",\"@id\":\"https:\\\/\\\/abd.ong\\\/ca\\\/#\\\/schema\\\/person\\\/1b9cf116597cda3a4b8900a43c641f6e\"},\"headline\":\"Els integrants del projecte europeu \u2018Social Economy for Care\u2019 visiten els programes d\u2019ABD per intercanviar coneixements\",\"datePublished\":\"2018-11-04T23:00:00+00:00\",\"dateModified\":\"2022-05-18T10:04:26+00:00\",\"mainEntityOfPage\":{\"@id\":\"https:\\\/\\\/abd.ong\\\/ca\\\/dependencia-i-gent-gran\\\/els-integrants-del-projecte-europeu-social-economy-for-care-visiten-els-programes-dabd-per-intercanviar-coneixements\\\/\"},\"wordCount\":752,\"publisher\":{\"@id\":\"https:\\\/\\\/abd.ong\\\/ca\\\/#organization\"},\"image\":{\"@id\":\"https:\\\/\\\/abd.ong\\\/ca\\\/dependencia-i-gent-gran\\\/els-integrants-del-projecte-europeu-social-economy-for-care-visiten-els-programes-dabd-per-intercanviar-coneixements\\\/#primaryimage\"},\"thumbnailUrl\":\"https:\\\/\\\/abd.ong\\\/wp-content\\\/uploads\\\/2018\\\/05\\\/belgues-visita.jpg\",\"keywords\":[\"ABD\",\"economia social\",\"projecte europeu\",\"Social Economy for Care\"],\"articleSection\":[\"Depend\u00e8ncia i gent gran\",\"Desigualtat\"],\"inLanguage\":\"ca\"},{\"@type\":\"WebPage\",\"@id\":\"https:\\\/\\\/abd.ong\\\/ca\\\/dependencia-i-gent-gran\\\/els-integrants-del-projecte-europeu-social-economy-for-care-visiten-els-programes-dabd-per-intercanviar-coneixements\\\/\",\"url\":\"https:\\\/\\\/abd.ong\\\/ca\\\/dependencia-i-gent-gran\\\/els-integrants-del-projecte-europeu-social-economy-for-care-visiten-els-programes-dabd-per-intercanviar-coneixements\\\/\",\"name\":\"Els integrants del projecte europeu \u2018Social Economy for Care\u2019 visiten els programes d\u2019ABD per intercanviar coneixements - ABD\",\"isPartOf\":{\"@id\":\"https:\\\/\\\/abd.ong\\\/ca\\\/#website\"},\"primaryImageOfPage\":{\"@id\":\"https:\\\/\\\/abd.ong\\\/ca\\\/dependencia-i-gent-gran\\\/els-integrants-del-projecte-europeu-social-economy-for-care-visiten-els-programes-dabd-per-intercanviar-coneixements\\\/#primaryimage\"},\"image\":{\"@id\":\"https:\\\/\\\/abd.ong\\\/ca\\\/dependencia-i-gent-gran\\\/els-integrants-del-projecte-europeu-social-economy-for-care-visiten-els-programes-dabd-per-intercanviar-coneixements\\\/#primaryimage\"},\"thumbnailUrl\":\"https:\\\/\\\/abd.ong\\\/wp-content\\\/uploads\\\/2018\\\/05\\\/belgues-visita.jpg\",\"datePublished\":\"2018-11-04T23:00:00+00:00\",\"dateModified\":\"2022-05-18T10:04:26+00:00\",\"description\":\"L'Associaci\u00f3 Benestar i Desenvolupament acull durant tres dies la visita de les entitats socials que formen part del projecte europeu 'Social Economy for\",\"breadcrumb\":{\"@id\":\"https:\\\/\\\/abd.ong\\\/ca\\\/dependencia-i-gent-gran\\\/els-integrants-del-projecte-europeu-social-economy-for-care-visiten-els-programes-dabd-per-intercanviar-coneixements\\\/#breadcrumb\"},\"inLanguage\":\"ca\",\"potentialAction\":[{\"@type\":\"ReadAction\",\"target\":[\"https:\\\/\\\/abd.ong\\\/ca\\\/dependencia-i-gent-gran\\\/els-integrants-del-projecte-europeu-social-economy-for-care-visiten-els-programes-dabd-per-intercanviar-coneixements\\\/\"]}]},{\"@type\":\"ImageObject\",\"inLanguage\":\"ca\",\"@id\":\"https:\\\/\\\/abd.ong\\\/ca\\\/dependencia-i-gent-gran\\\/els-integrants-del-projecte-europeu-social-economy-for-care-visiten-els-programes-dabd-per-intercanviar-coneixements\\\/#primaryimage\",\"url\":\"https:\\\/\\\/abd.ong\\\/wp-content\\\/uploads\\\/2018\\\/05\\\/belgues-visita.jpg\",\"contentUrl\":\"https:\\\/\\\/abd.ong\\\/wp-content\\\/uploads\\\/2018\\\/05\\\/belgues-visita.jpg\",\"width\":2048,\"height\":1468},{\"@type\":\"BreadcrumbList\",\"@id\":\"https:\\\/\\\/abd.ong\\\/ca\\\/dependencia-i-gent-gran\\\/els-integrants-del-projecte-europeu-social-economy-for-care-visiten-els-programes-dabd-per-intercanviar-coneixements\\\/#breadcrumb\",\"itemListElement\":[{\"@type\":\"ListItem\",\"position\":1,\"name\":\"Inici\",\"item\":\"https:\\\/\\\/abd.ong\\\/ca\\\/\"},{\"@type\":\"ListItem\",\"position\":2,\"name\":\"Els integrants del projecte europeu \u2018Social Economy for Care\u2019 visiten els programes d\u2019ABD per intercanviar coneixements\"}]},{\"@type\":\"WebSite\",\"@id\":\"https:\\\/\\\/abd.ong\\\/ca\\\/#website\",\"url\":\"https:\\\/\\\/abd.ong\\\/ca\\\/\",\"name\":\"ABD\",\"description\":\"Asociaci\u00f3n Bienestar y Desarrollo\",\"publisher\":{\"@id\":\"https:\\\/\\\/abd.ong\\\/ca\\\/#organization\"},\"potentialAction\":[{\"@type\":\"SearchAction\",\"target\":{\"@type\":\"EntryPoint\",\"urlTemplate\":\"https:\\\/\\\/abd.ong\\\/ca\\\/?s={search_term_string}\"},\"query-input\":{\"@type\":\"PropertyValueSpecification\",\"valueRequired\":true,\"valueName\":\"search_term_string\"}}],\"inLanguage\":\"ca\"},{\"@type\":\"Organization\",\"@id\":\"https:\\\/\\\/abd.ong\\\/ca\\\/#organization\",\"name\":\"Associaci\u00f3 Benestar i Desenvolupament\",\"alternateName\":\"ABD\",\"url\":\"https:\\\/\\\/abd.ong\\\/ca\\\/\",\"logo\":{\"@type\":\"ImageObject\",\"inLanguage\":\"ca\",\"@id\":\"https:\\\/\\\/abd.ong\\\/ca\\\/#\\\/schema\\\/logo\\\/image\\\/\",\"url\":\"https:\\\/\\\/abd.ong\\\/wp-content\\\/uploads\\\/2023\\\/01\\\/Icona.png\",\"contentUrl\":\"https:\\\/\\\/abd.ong\\\/wp-content\\\/uploads\\\/2023\\\/01\\\/Icona.png\",\"width\":190,\"height\":187,\"caption\":\"Associaci\u00f3 Benestar i Desenvolupament\"},\"image\":{\"@id\":\"https:\\\/\\\/abd.ong\\\/ca\\\/#\\\/schema\\\/logo\\\/image\\\/\"},\"sameAs\":[\"https:\\\/\\\/www.facebook.com\\\/abd.ong\",\"https:\\\/\\\/x.com\\\/abd_ong\",\"https:\\\/\\\/www.instagram.com\\\/abd_ong\\\/\",\"https:\\\/\\\/www.linkedin.com\\\/company\\\/abdong\",\"https:\\\/\\\/www.youtube.com\\\/user\\\/CANALABD\"]},{\"@type\":\"Person\",\"@id\":\"https:\\\/\\\/abd.ong\\\/ca\\\/#\\\/schema\\\/person\\\/1b9cf116597cda3a4b8900a43c641f6e\",\"name\":\"M_Disseny\"}]}<\/script>\n<!-- \/ Yoast SEO plugin. -->","yoast_head_json":{"title":"Els integrants del projecte europeu \u2018Social Economy for Care\u2019 visiten els programes d\u2019ABD per intercanviar coneixements - ABD","description":"L'Associaci\u00f3 Benestar i Desenvolupament acull durant tres dies la visita de les entitats socials que formen part del projecte europeu 'Social Economy for","robots":{"index":"index","follow":"follow","max-snippet":"max-snippet:-1","max-image-preview":"max-image-preview:large","max-video-preview":"max-video-preview:-1"},"canonical":"https:\/\/abd.ong\/ca\/dependencia-i-gent-gran\/els-integrants-del-projecte-europeu-social-economy-for-care-visiten-els-programes-dabd-per-intercanviar-coneixements\/","og_locale":"ca_ES","og_type":"article","og_title":"Els integrants del projecte europeu \u2018Social Economy for Care\u2019 visiten els programes d\u2019ABD per intercanviar coneixements - ABD","og_description":"L'Associaci\u00f3 Benestar i Desenvolupament acull durant tres dies la visita de les entitats socials que formen part del projecte europeu 'Social Economy for","og_url":"https:\/\/abd.ong\/ca\/dependencia-i-gent-gran\/els-integrants-del-projecte-europeu-social-economy-for-care-visiten-els-programes-dabd-per-intercanviar-coneixements\/","og_site_name":"ABD","article_publisher":"https:\/\/www.facebook.com\/abd.ong","article_published_time":"2018-11-04T23:00:00+00:00","article_modified_time":"2022-05-18T10:04:26+00:00","og_image":[{"width":2048,"height":1468,"url":"https:\/\/abd.ong\/wp-content\/uploads\/2018\/05\/belgues-visita.jpg","type":"image\/jpeg"}],"author":"M_Disseny","twitter_card":"summary_large_image","twitter_creator":"@abd_ong","twitter_site":"@abd_ong","twitter_misc":{"Escrit per":"M_Disseny","Temps estimat de lectura":"4 minuts"},"schema":{"@context":"https:\/\/schema.org","@graph":[{"@type":"Article","@id":"https:\/\/abd.ong\/ca\/dependencia-i-gent-gran\/els-integrants-del-projecte-europeu-social-economy-for-care-visiten-els-programes-dabd-per-intercanviar-coneixements\/#article","isPartOf":{"@id":"https:\/\/abd.ong\/ca\/dependencia-i-gent-gran\/els-integrants-del-projecte-europeu-social-economy-for-care-visiten-els-programes-dabd-per-intercanviar-coneixements\/"},"author":{"name":"M_Disseny","@id":"https:\/\/abd.ong\/ca\/#\/schema\/person\/1b9cf116597cda3a4b8900a43c641f6e"},"headline":"Els integrants del projecte europeu \u2018Social Economy for Care\u2019 visiten els programes d\u2019ABD per intercanviar coneixements","datePublished":"2018-11-04T23:00:00+00:00","dateModified":"2022-05-18T10:04:26+00:00","mainEntityOfPage":{"@id":"https:\/\/abd.ong\/ca\/dependencia-i-gent-gran\/els-integrants-del-projecte-europeu-social-economy-for-care-visiten-els-programes-dabd-per-intercanviar-coneixements\/"},"wordCount":752,"publisher":{"@id":"https:\/\/abd.ong\/ca\/#organization"},"image":{"@id":"https:\/\/abd.ong\/ca\/dependencia-i-gent-gran\/els-integrants-del-projecte-europeu-social-economy-for-care-visiten-els-programes-dabd-per-intercanviar-coneixements\/#primaryimage"},"thumbnailUrl":"https:\/\/abd.ong\/wp-content\/uploads\/2018\/05\/belgues-visita.jpg","keywords":["ABD","economia social","projecte europeu","Social Economy for Care"],"articleSection":["Depend\u00e8ncia i gent gran","Desigualtat"],"inLanguage":"ca"},{"@type":"WebPage","@id":"https:\/\/abd.ong\/ca\/dependencia-i-gent-gran\/els-integrants-del-projecte-europeu-social-economy-for-care-visiten-els-programes-dabd-per-intercanviar-coneixements\/","url":"https:\/\/abd.ong\/ca\/dependencia-i-gent-gran\/els-integrants-del-projecte-europeu-social-economy-for-care-visiten-els-programes-dabd-per-intercanviar-coneixements\/","name":"Els integrants del projecte europeu \u2018Social Economy for Care\u2019 visiten els programes d\u2019ABD per intercanviar coneixements - ABD","isPartOf":{"@id":"https:\/\/abd.ong\/ca\/#website"},"primaryImageOfPage":{"@id":"https:\/\/abd.ong\/ca\/dependencia-i-gent-gran\/els-integrants-del-projecte-europeu-social-economy-for-care-visiten-els-programes-dabd-per-intercanviar-coneixements\/#primaryimage"},"image":{"@id":"https:\/\/abd.ong\/ca\/dependencia-i-gent-gran\/els-integrants-del-projecte-europeu-social-economy-for-care-visiten-els-programes-dabd-per-intercanviar-coneixements\/#primaryimage"},"thumbnailUrl":"https:\/\/abd.ong\/wp-content\/uploads\/2018\/05\/belgues-visita.jpg","datePublished":"2018-11-04T23:00:00+00:00","dateModified":"2022-05-18T10:04:26+00:00","description":"L'Associaci\u00f3 Benestar i Desenvolupament acull durant tres dies la visita de les entitats socials que formen part del projecte europeu 'Social Economy for","breadcrumb":{"@id":"https:\/\/abd.ong\/ca\/dependencia-i-gent-gran\/els-integrants-del-projecte-europeu-social-economy-for-care-visiten-els-programes-dabd-per-intercanviar-coneixements\/#breadcrumb"},"inLanguage":"ca","potentialAction":[{"@type":"ReadAction","target":["https:\/\/abd.ong\/ca\/dependencia-i-gent-gran\/els-integrants-del-projecte-europeu-social-economy-for-care-visiten-els-programes-dabd-per-intercanviar-coneixements\/"]}]},{"@type":"ImageObject","inLanguage":"ca","@id":"https:\/\/abd.ong\/ca\/dependencia-i-gent-gran\/els-integrants-del-projecte-europeu-social-economy-for-care-visiten-els-programes-dabd-per-intercanviar-coneixements\/#primaryimage","url":"https:\/\/abd.ong\/wp-content\/uploads\/2018\/05\/belgues-visita.jpg","contentUrl":"https:\/\/abd.ong\/wp-content\/uploads\/2018\/05\/belgues-visita.jpg","width":2048,"height":1468},{"@type":"BreadcrumbList","@id":"https:\/\/abd.ong\/ca\/dependencia-i-gent-gran\/els-integrants-del-projecte-europeu-social-economy-for-care-visiten-els-programes-dabd-per-intercanviar-coneixements\/#breadcrumb","itemListElement":[{"@type":"ListItem","position":1,"name":"Inici","item":"https:\/\/abd.ong\/ca\/"},{"@type":"ListItem","position":2,"name":"Els integrants del projecte europeu \u2018Social Economy for Care\u2019 visiten els programes d\u2019ABD per intercanviar coneixements"}]},{"@type":"WebSite","@id":"https:\/\/abd.ong\/ca\/#website","url":"https:\/\/abd.ong\/ca\/","name":"ABD","description":"Asociaci\u00f3n Bienestar y Desarrollo","publisher":{"@id":"https:\/\/abd.ong\/ca\/#organization"},"potentialAction":[{"@type":"SearchAction","target":{"@type":"EntryPoint","urlTemplate":"https:\/\/abd.ong\/ca\/?s={search_term_string}"},"query-input":{"@type":"PropertyValueSpecification","valueRequired":true,"valueName":"search_term_string"}}],"inLanguage":"ca"},{"@type":"Organization","@id":"https:\/\/abd.ong\/ca\/#organization","name":"Associaci\u00f3 Benestar i Desenvolupament","alternateName":"ABD","url":"https:\/\/abd.ong\/ca\/","logo":{"@type":"ImageObject","inLanguage":"ca","@id":"https:\/\/abd.ong\/ca\/#\/schema\/logo\/image\/","url":"https:\/\/abd.ong\/wp-content\/uploads\/2023\/01\/Icona.png","contentUrl":"https:\/\/abd.ong\/wp-content\/uploads\/2023\/01\/Icona.png","width":190,"height":187,"caption":"Associaci\u00f3 Benestar i Desenvolupament"},"image":{"@id":"https:\/\/abd.ong\/ca\/#\/schema\/logo\/image\/"},"sameAs":["https:\/\/www.facebook.com\/abd.ong","https:\/\/x.com\/abd_ong","https:\/\/www.instagram.com\/abd_ong\/","https:\/\/www.linkedin.com\/company\/abdong","https:\/\/www.youtube.com\/user\/CANALABD"]},{"@type":"Person","@id":"https:\/\/abd.ong\/ca\/#\/schema\/person\/1b9cf116597cda3a4b8900a43c641f6e","name":"M_Disseny"}]}},"_links":{"self":[{"href":"https:\/\/abd.ong\/ca\/wp-json\/wp\/v2\/posts\/10158","targetHints":{"allow":["GET"]}}],"collection":[{"href":"https:\/\/abd.ong\/ca\/wp-json\/wp\/v2\/posts"}],"about":[{"href":"https:\/\/abd.ong\/ca\/wp-json\/wp\/v2\/types\/post"}],"author":[{"embeddable":true,"href":"https:\/\/abd.ong\/ca\/wp-json\/wp\/v2\/users\/1"}],"replies":[{"embeddable":true,"href":"https:\/\/abd.ong\/ca\/wp-json\/wp\/v2\/comments?post=10158"}],"version-history":[{"count":3,"href":"https:\/\/abd.ong\/ca\/wp-json\/wp\/v2\/posts\/10158\/revisions"}],"predecessor-version":[{"id":33089,"href":"https:\/\/abd.ong\/ca\/wp-json\/wp\/v2\/posts\/10158\/revisions\/33089"}],"wp:featuredmedia":[{"embeddable":true,"href":"https:\/\/abd.ong\/ca\/wp-json\/wp\/v2\/media\/952"}],"wp:attachment":[{"href":"https:\/\/abd.ong\/ca\/wp-json\/wp\/v2\/media?parent=10158"}],"wp:term":[{"taxonomy":"category","embeddable":true,"href":"https:\/\/abd.ong\/ca\/wp-json\/wp\/v2\/categories?post=10158"},{"taxonomy":"post_tag","embeddable":true,"href":"https:\/\/abd.ong\/ca\/wp-json\/wp\/v2\/tags?post=10158"}],"curies":[{"name":"wp","href":"https:\/\/api.w.org\/{rel}","templated":true}]}}