{"id":10125,"date":"2018-09-18T00:00:00","date_gmt":"2018-09-17T22:00:00","guid":{"rendered":"https:\/\/abd.ong\/sin-categorizar\/informe-de-lassemblea-anual-2018-de-lacord-ciutada\/"},"modified":"2020-03-03T09:36:08","modified_gmt":"2020-03-03T08:36:08","slug":"informe-de-lassemblea-anual-2018-de-lacord-ciutada","status":"publish","type":"post","link":"https:\/\/abd.ong\/ca\/general-ca\/informe-de-lassemblea-anual-2018-de-lacord-ciutada\/","title":{"rendered":"Informe de l&#8217;Assemblea Anual 2018 de l&#8217;Acord Ciutad\u00e0"},"content":{"rendered":"<p>En aquest informe trobareu resumides les principals conclusions i idees que es van debatre a l&#8217;Assemblea Anual 2018 de l&#8217;Acord Ciutad\u00e0, on hi participa l&#8217;Associaci\u00f3 Benestar i Desenvolupament &#8211; ABD.<\/p>\n<p>&nbsp;<\/p>\n<p><a href=\"https:\/\/abd.ong\/blog\/wp-content\/uploads\/2018\/09\/InformeAssembleaAnual2018.pdf\"><img fetchpriority=\"high\" decoding=\"async\" class=\"aligncenter wp-image-1748 size-full\" src=\"https:\/\/abd.ong\/blog\/wp-content\/uploads\/2018\/09\/Acord-ciutada.jpg\" alt=\"\" width=\"870\" height=\"654\" \/><\/a><\/p>\n","protected":false},"excerpt":{"rendered":"<p>En aquest informe trobareu resumides les principals conclusions i idees que es van debatre a l&#8217;Assemblea Anual 2018 de l&#8217;Acord Ciutad\u00e0, on hi participa l&#8217;Associaci\u00f3 Benestar i Desenvolupament &#8211; ABD.&hellip;<\/p>\n","protected":false},"author":1,"featured_media":720,"comment_status":"closed","ping_status":"closed","sticky":false,"template":"","format":"standard","meta":{"_acf_changed":false,"footnotes":""},"categories":[66],"tags":[119,257,258,124],"class_list":["post-10125","post","type-post","status-publish","format-standard","has-post-thumbnail","hentry","category-general-ca","tag-abd","tag-acord-ciutada","tag-assemblea-anual-de-lacord-ciutada","tag-associacio-benestar-desenvolupament","ods-aliances-per-assolir-els-objectius","right-dret-a-la-llibertat-dexpressio","right-dret-a-la-participacio-ciutadana"],"acf":[],"yoast_head":"<!-- This site is optimized with the Yoast SEO plugin v27.4 - https:\/\/yoast.com\/product\/yoast-seo-wordpress\/ -->\n<title>Informe de l&#039;Assemblea Anual 2018 de l&#039;Acord Ciutad\u00e0 - ABD<\/title>\n<meta name=\"description\" content=\"En aquest informe trobareu resumides les principals conclusions i idees que es van debatre a l&#039;Assemblea Anual 2018 de l&#039;Acord Ciutad\u00e0, on hi participa\" \/>\n<meta name=\"robots\" content=\"index, follow, max-snippet:-1, max-image-preview:large, max-video-preview:-1\" \/>\n<link rel=\"canonical\" href=\"https:\/\/abd.ong\/ca\/general-ca\/informe-de-lassemblea-anual-2018-de-lacord-ciutada\/\" \/>\n<meta property=\"og:locale\" content=\"ca_ES\" \/>\n<meta property=\"og:type\" content=\"article\" \/>\n<meta property=\"og:title\" content=\"Informe de l&#039;Assemblea Anual 2018 de l&#039;Acord Ciutad\u00e0 - ABD\" \/>\n<meta property=\"og:description\" content=\"En aquest informe trobareu resumides les principals conclusions i idees que es van debatre a l&#039;Assemblea Anual 2018 de l&#039;Acord Ciutad\u00e0, on hi participa\" \/>\n<meta property=\"og:url\" content=\"https:\/\/abd.ong\/ca\/general-ca\/informe-de-lassemblea-anual-2018-de-lacord-ciutada\/\" \/>\n<meta property=\"og:site_name\" content=\"ABD\" \/>\n<meta property=\"article:publisher\" content=\"https:\/\/www.facebook.com\/abd.ong\" \/>\n<meta property=\"article:published_time\" content=\"2018-09-17T22:00:00+00:00\" \/>\n<meta property=\"article:modified_time\" content=\"2020-03-03T08:36:08+00:00\" \/>\n<meta property=\"og:image\" content=\"https:\/\/abd.ong\/wp-content\/uploads\/1970\/01\/41740601235_f866d1d467_z.jpg\" \/>\n\t<meta property=\"og:image:width\" content=\"640\" \/>\n\t<meta property=\"og:image:height\" content=\"426\" \/>\n\t<meta property=\"og:image:type\" content=\"image\/jpeg\" \/>\n<meta name=\"author\" content=\"M_Disseny\" \/>\n<meta name=\"twitter:card\" content=\"summary_large_image\" \/>\n<meta name=\"twitter:creator\" content=\"@abd_ong\" \/>\n<meta name=\"twitter:site\" content=\"@abd_ong\" \/>\n<meta name=\"twitter:label1\" content=\"Escrit per\" \/>\n\t<meta name=\"twitter:data1\" content=\"M_Disseny\" \/>\n<script type=\"application\/ld+json\" class=\"yoast-schema-graph\">{\"@context\":\"https:\\\/\\\/schema.org\",\"@graph\":[{\"@type\":\"Article\",\"@id\":\"https:\\\/\\\/abd.ong\\\/ca\\\/general-ca\\\/informe-de-lassemblea-anual-2018-de-lacord-ciutada\\\/#article\",\"isPartOf\":{\"@id\":\"https:\\\/\\\/abd.ong\\\/ca\\\/general-ca\\\/informe-de-lassemblea-anual-2018-de-lacord-ciutada\\\/\"},\"author\":{\"name\":\"M_Disseny\",\"@id\":\"https:\\\/\\\/abd.ong\\\/ca\\\/#\\\/schema\\\/person\\\/1b9cf116597cda3a4b8900a43c641f6e\"},\"headline\":\"Informe de l&#8217;Assemblea Anual 2018 de l&#8217;Acord Ciutad\u00e0\",\"datePublished\":\"2018-09-17T22:00:00+00:00\",\"dateModified\":\"2020-03-03T08:36:08+00:00\",\"mainEntityOfPage\":{\"@id\":\"https:\\\/\\\/abd.ong\\\/ca\\\/general-ca\\\/informe-de-lassemblea-anual-2018-de-lacord-ciutada\\\/\"},\"wordCount\":42,\"publisher\":{\"@id\":\"https:\\\/\\\/abd.ong\\\/ca\\\/#organization\"},\"image\":{\"@id\":\"https:\\\/\\\/abd.ong\\\/ca\\\/general-ca\\\/informe-de-lassemblea-anual-2018-de-lacord-ciutada\\\/#primaryimage\"},\"thumbnailUrl\":\"https:\\\/\\\/abd.ong\\\/wp-content\\\/uploads\\\/1970\\\/01\\\/41740601235_f866d1d467_z.jpg\",\"keywords\":[\"ABD\",\"Acord Ciutad\u00e0\",\"Assemblea Anual de l'Acord Ciutad\u00e0\",\"Associaci\u00f3 Benestar Desenvolupament\"],\"articleSection\":[\"General\"],\"inLanguage\":\"ca\"},{\"@type\":\"WebPage\",\"@id\":\"https:\\\/\\\/abd.ong\\\/ca\\\/general-ca\\\/informe-de-lassemblea-anual-2018-de-lacord-ciutada\\\/\",\"url\":\"https:\\\/\\\/abd.ong\\\/ca\\\/general-ca\\\/informe-de-lassemblea-anual-2018-de-lacord-ciutada\\\/\",\"name\":\"Informe de l'Assemblea Anual 2018 de l'Acord Ciutad\u00e0 - ABD\",\"isPartOf\":{\"@id\":\"https:\\\/\\\/abd.ong\\\/ca\\\/#website\"},\"primaryImageOfPage\":{\"@id\":\"https:\\\/\\\/abd.ong\\\/ca\\\/general-ca\\\/informe-de-lassemblea-anual-2018-de-lacord-ciutada\\\/#primaryimage\"},\"image\":{\"@id\":\"https:\\\/\\\/abd.ong\\\/ca\\\/general-ca\\\/informe-de-lassemblea-anual-2018-de-lacord-ciutada\\\/#primaryimage\"},\"thumbnailUrl\":\"https:\\\/\\\/abd.ong\\\/wp-content\\\/uploads\\\/1970\\\/01\\\/41740601235_f866d1d467_z.jpg\",\"datePublished\":\"2018-09-17T22:00:00+00:00\",\"dateModified\":\"2020-03-03T08:36:08+00:00\",\"description\":\"En aquest informe trobareu resumides les principals conclusions i idees que es van debatre a l'Assemblea Anual 2018 de l'Acord Ciutad\u00e0, on hi participa\",\"breadcrumb\":{\"@id\":\"https:\\\/\\\/abd.ong\\\/ca\\\/general-ca\\\/informe-de-lassemblea-anual-2018-de-lacord-ciutada\\\/#breadcrumb\"},\"inLanguage\":\"ca\",\"potentialAction\":[{\"@type\":\"ReadAction\",\"target\":[\"https:\\\/\\\/abd.ong\\\/ca\\\/general-ca\\\/informe-de-lassemblea-anual-2018-de-lacord-ciutada\\\/\"]}]},{\"@type\":\"ImageObject\",\"inLanguage\":\"ca\",\"@id\":\"https:\\\/\\\/abd.ong\\\/ca\\\/general-ca\\\/informe-de-lassemblea-anual-2018-de-lacord-ciutada\\\/#primaryimage\",\"url\":\"https:\\\/\\\/abd.ong\\\/wp-content\\\/uploads\\\/1970\\\/01\\\/41740601235_f866d1d467_z.jpg\",\"contentUrl\":\"https:\\\/\\\/abd.ong\\\/wp-content\\\/uploads\\\/1970\\\/01\\\/41740601235_f866d1d467_z.jpg\",\"width\":640,\"height\":426},{\"@type\":\"BreadcrumbList\",\"@id\":\"https:\\\/\\\/abd.ong\\\/ca\\\/general-ca\\\/informe-de-lassemblea-anual-2018-de-lacord-ciutada\\\/#breadcrumb\",\"itemListElement\":[{\"@type\":\"ListItem\",\"position\":1,\"name\":\"Inici\",\"item\":\"https:\\\/\\\/abd.ong\\\/ca\\\/\"},{\"@type\":\"ListItem\",\"position\":2,\"name\":\"Informe de l&#8217;Assemblea Anual 2018 de l&#8217;Acord Ciutad\u00e0\"}]},{\"@type\":\"WebSite\",\"@id\":\"https:\\\/\\\/abd.ong\\\/ca\\\/#website\",\"url\":\"https:\\\/\\\/abd.ong\\\/ca\\\/\",\"name\":\"ABD\",\"description\":\"Asociaci\u00f3n Bienestar y Desarrollo\",\"publisher\":{\"@id\":\"https:\\\/\\\/abd.ong\\\/ca\\\/#organization\"},\"potentialAction\":[{\"@type\":\"SearchAction\",\"target\":{\"@type\":\"EntryPoint\",\"urlTemplate\":\"https:\\\/\\\/abd.ong\\\/ca\\\/?s={search_term_string}\"},\"query-input\":{\"@type\":\"PropertyValueSpecification\",\"valueRequired\":true,\"valueName\":\"search_term_string\"}}],\"inLanguage\":\"ca\"},{\"@type\":\"Organization\",\"@id\":\"https:\\\/\\\/abd.ong\\\/ca\\\/#organization\",\"name\":\"Associaci\u00f3 Benestar i Desenvolupament\",\"alternateName\":\"ABD\",\"url\":\"https:\\\/\\\/abd.ong\\\/ca\\\/\",\"logo\":{\"@type\":\"ImageObject\",\"inLanguage\":\"ca\",\"@id\":\"https:\\\/\\\/abd.ong\\\/ca\\\/#\\\/schema\\\/logo\\\/image\\\/\",\"url\":\"https:\\\/\\\/abd.ong\\\/wp-content\\\/uploads\\\/2023\\\/01\\\/Icona.png\",\"contentUrl\":\"https:\\\/\\\/abd.ong\\\/wp-content\\\/uploads\\\/2023\\\/01\\\/Icona.png\",\"width\":190,\"height\":187,\"caption\":\"Associaci\u00f3 Benestar i Desenvolupament\"},\"image\":{\"@id\":\"https:\\\/\\\/abd.ong\\\/ca\\\/#\\\/schema\\\/logo\\\/image\\\/\"},\"sameAs\":[\"https:\\\/\\\/www.facebook.com\\\/abd.ong\",\"https:\\\/\\\/x.com\\\/abd_ong\",\"https:\\\/\\\/www.instagram.com\\\/abd_ong\\\/\",\"https:\\\/\\\/www.linkedin.com\\\/company\\\/abdong\",\"https:\\\/\\\/www.youtube.com\\\/user\\\/CANALABD\"]},{\"@type\":\"Person\",\"@id\":\"https:\\\/\\\/abd.ong\\\/ca\\\/#\\\/schema\\\/person\\\/1b9cf116597cda3a4b8900a43c641f6e\",\"name\":\"M_Disseny\"}]}<\/script>\n<!-- \/ Yoast SEO plugin. -->","yoast_head_json":{"title":"Informe de l'Assemblea Anual 2018 de l'Acord Ciutad\u00e0 - ABD","description":"En aquest informe trobareu resumides les principals conclusions i idees que es van debatre a l'Assemblea Anual 2018 de l'Acord Ciutad\u00e0, on hi participa","robots":{"index":"index","follow":"follow","max-snippet":"max-snippet:-1","max-image-preview":"max-image-preview:large","max-video-preview":"max-video-preview:-1"},"canonical":"https:\/\/abd.ong\/ca\/general-ca\/informe-de-lassemblea-anual-2018-de-lacord-ciutada\/","og_locale":"ca_ES","og_type":"article","og_title":"Informe de l'Assemblea Anual 2018 de l'Acord Ciutad\u00e0 - ABD","og_description":"En aquest informe trobareu resumides les principals conclusions i idees que es van debatre a l'Assemblea Anual 2018 de l'Acord Ciutad\u00e0, on hi participa","og_url":"https:\/\/abd.ong\/ca\/general-ca\/informe-de-lassemblea-anual-2018-de-lacord-ciutada\/","og_site_name":"ABD","article_publisher":"https:\/\/www.facebook.com\/abd.ong","article_published_time":"2018-09-17T22:00:00+00:00","article_modified_time":"2020-03-03T08:36:08+00:00","og_image":[{"width":640,"height":426,"url":"https:\/\/abd.ong\/wp-content\/uploads\/1970\/01\/41740601235_f866d1d467_z.jpg","type":"image\/jpeg"}],"author":"M_Disseny","twitter_card":"summary_large_image","twitter_creator":"@abd_ong","twitter_site":"@abd_ong","twitter_misc":{"Escrit per":"M_Disseny"},"schema":{"@context":"https:\/\/schema.org","@graph":[{"@type":"Article","@id":"https:\/\/abd.ong\/ca\/general-ca\/informe-de-lassemblea-anual-2018-de-lacord-ciutada\/#article","isPartOf":{"@id":"https:\/\/abd.ong\/ca\/general-ca\/informe-de-lassemblea-anual-2018-de-lacord-ciutada\/"},"author":{"name":"M_Disseny","@id":"https:\/\/abd.ong\/ca\/#\/schema\/person\/1b9cf116597cda3a4b8900a43c641f6e"},"headline":"Informe de l&#8217;Assemblea Anual 2018 de l&#8217;Acord Ciutad\u00e0","datePublished":"2018-09-17T22:00:00+00:00","dateModified":"2020-03-03T08:36:08+00:00","mainEntityOfPage":{"@id":"https:\/\/abd.ong\/ca\/general-ca\/informe-de-lassemblea-anual-2018-de-lacord-ciutada\/"},"wordCount":42,"publisher":{"@id":"https:\/\/abd.ong\/ca\/#organization"},"image":{"@id":"https:\/\/abd.ong\/ca\/general-ca\/informe-de-lassemblea-anual-2018-de-lacord-ciutada\/#primaryimage"},"thumbnailUrl":"https:\/\/abd.ong\/wp-content\/uploads\/1970\/01\/41740601235_f866d1d467_z.jpg","keywords":["ABD","Acord Ciutad\u00e0","Assemblea Anual de l'Acord Ciutad\u00e0","Associaci\u00f3 Benestar Desenvolupament"],"articleSection":["General"],"inLanguage":"ca"},{"@type":"WebPage","@id":"https:\/\/abd.ong\/ca\/general-ca\/informe-de-lassemblea-anual-2018-de-lacord-ciutada\/","url":"https:\/\/abd.ong\/ca\/general-ca\/informe-de-lassemblea-anual-2018-de-lacord-ciutada\/","name":"Informe de l'Assemblea Anual 2018 de l'Acord Ciutad\u00e0 - ABD","isPartOf":{"@id":"https:\/\/abd.ong\/ca\/#website"},"primaryImageOfPage":{"@id":"https:\/\/abd.ong\/ca\/general-ca\/informe-de-lassemblea-anual-2018-de-lacord-ciutada\/#primaryimage"},"image":{"@id":"https:\/\/abd.ong\/ca\/general-ca\/informe-de-lassemblea-anual-2018-de-lacord-ciutada\/#primaryimage"},"thumbnailUrl":"https:\/\/abd.ong\/wp-content\/uploads\/1970\/01\/41740601235_f866d1d467_z.jpg","datePublished":"2018-09-17T22:00:00+00:00","dateModified":"2020-03-03T08:36:08+00:00","description":"En aquest informe trobareu resumides les principals conclusions i idees que es van debatre a l'Assemblea Anual 2018 de l'Acord Ciutad\u00e0, on hi participa","breadcrumb":{"@id":"https:\/\/abd.ong\/ca\/general-ca\/informe-de-lassemblea-anual-2018-de-lacord-ciutada\/#breadcrumb"},"inLanguage":"ca","potentialAction":[{"@type":"ReadAction","target":["https:\/\/abd.ong\/ca\/general-ca\/informe-de-lassemblea-anual-2018-de-lacord-ciutada\/"]}]},{"@type":"ImageObject","inLanguage":"ca","@id":"https:\/\/abd.ong\/ca\/general-ca\/informe-de-lassemblea-anual-2018-de-lacord-ciutada\/#primaryimage","url":"https:\/\/abd.ong\/wp-content\/uploads\/1970\/01\/41740601235_f866d1d467_z.jpg","contentUrl":"https:\/\/abd.ong\/wp-content\/uploads\/1970\/01\/41740601235_f866d1d467_z.jpg","width":640,"height":426},{"@type":"BreadcrumbList","@id":"https:\/\/abd.ong\/ca\/general-ca\/informe-de-lassemblea-anual-2018-de-lacord-ciutada\/#breadcrumb","itemListElement":[{"@type":"ListItem","position":1,"name":"Inici","item":"https:\/\/abd.ong\/ca\/"},{"@type":"ListItem","position":2,"name":"Informe de l&#8217;Assemblea Anual 2018 de l&#8217;Acord Ciutad\u00e0"}]},{"@type":"WebSite","@id":"https:\/\/abd.ong\/ca\/#website","url":"https:\/\/abd.ong\/ca\/","name":"ABD","description":"Asociaci\u00f3n Bienestar y Desarrollo","publisher":{"@id":"https:\/\/abd.ong\/ca\/#organization"},"potentialAction":[{"@type":"SearchAction","target":{"@type":"EntryPoint","urlTemplate":"https:\/\/abd.ong\/ca\/?s={search_term_string}"},"query-input":{"@type":"PropertyValueSpecification","valueRequired":true,"valueName":"search_term_string"}}],"inLanguage":"ca"},{"@type":"Organization","@id":"https:\/\/abd.ong\/ca\/#organization","name":"Associaci\u00f3 Benestar i Desenvolupament","alternateName":"ABD","url":"https:\/\/abd.ong\/ca\/","logo":{"@type":"ImageObject","inLanguage":"ca","@id":"https:\/\/abd.ong\/ca\/#\/schema\/logo\/image\/","url":"https:\/\/abd.ong\/wp-content\/uploads\/2023\/01\/Icona.png","contentUrl":"https:\/\/abd.ong\/wp-content\/uploads\/2023\/01\/Icona.png","width":190,"height":187,"caption":"Associaci\u00f3 Benestar i Desenvolupament"},"image":{"@id":"https:\/\/abd.ong\/ca\/#\/schema\/logo\/image\/"},"sameAs":["https:\/\/www.facebook.com\/abd.ong","https:\/\/x.com\/abd_ong","https:\/\/www.instagram.com\/abd_ong\/","https:\/\/www.linkedin.com\/company\/abdong","https:\/\/www.youtube.com\/user\/CANALABD"]},{"@type":"Person","@id":"https:\/\/abd.ong\/ca\/#\/schema\/person\/1b9cf116597cda3a4b8900a43c641f6e","name":"M_Disseny"}]}},"_links":{"self":[{"href":"https:\/\/abd.ong\/ca\/wp-json\/wp\/v2\/posts\/10125","targetHints":{"allow":["GET"]}}],"collection":[{"href":"https:\/\/abd.ong\/ca\/wp-json\/wp\/v2\/posts"}],"about":[{"href":"https:\/\/abd.ong\/ca\/wp-json\/wp\/v2\/types\/post"}],"author":[{"embeddable":true,"href":"https:\/\/abd.ong\/ca\/wp-json\/wp\/v2\/users\/1"}],"replies":[{"embeddable":true,"href":"https:\/\/abd.ong\/ca\/wp-json\/wp\/v2\/comments?post=10125"}],"version-history":[{"count":1,"href":"https:\/\/abd.ong\/ca\/wp-json\/wp\/v2\/posts\/10125\/revisions"}],"predecessor-version":[{"id":10776,"href":"https:\/\/abd.ong\/ca\/wp-json\/wp\/v2\/posts\/10125\/revisions\/10776"}],"wp:featuredmedia":[{"embeddable":true,"href":"https:\/\/abd.ong\/ca\/wp-json\/wp\/v2\/media\/720"}],"wp:attachment":[{"href":"https:\/\/abd.ong\/ca\/wp-json\/wp\/v2\/media?parent=10125"}],"wp:term":[{"taxonomy":"category","embeddable":true,"href":"https:\/\/abd.ong\/ca\/wp-json\/wp\/v2\/categories?post=10125"},{"taxonomy":"post_tag","embeddable":true,"href":"https:\/\/abd.ong\/ca\/wp-json\/wp\/v2\/tags?post=10125"}],"curies":[{"name":"wp","href":"https:\/\/api.w.org\/{rel}","templated":true}]}}