{"id":10086,"date":"2018-06-20T00:00:00","date_gmt":"2018-06-19T22:00:00","guid":{"rendered":"https:\/\/abd.ong\/sin-categorizar\/el-petit-drac-celebra-els-15-anys-dacompanyament-a-la-crianca\/"},"modified":"2021-02-17T18:54:51","modified_gmt":"2021-02-17T17:54:51","slug":"el-petit-drac-celebra-els-15-anys-dacompanyament-a-la-crianca","status":"publish","type":"post","link":"https:\/\/abd.ong\/ca\/infancia-i-familia\/el-petit-drac-celebra-els-15-anys-dacompanyament-a-la-crianca\/","title":{"rendered":"El Petit Drac celebra els 15 anys d\u2019acompanyament a la crian\u00e7a"},"content":{"rendered":"<h2>L\u2019espai municipal d\u2019inf\u00e0ncia El Petit Drac, que gestiona ABD Associaci\u00f3 Benestar i Desenvolupament, compleix enguany el 15\u00e8 aniversari de la seva obertura com a servei d&#8217;acompanyament a la crian\u00e7a al Districte de Sarri\u00e0 &#8211; Sant Gervasi.<\/h2>\n<p>Per aquest motiu, avui s\u2019ha celebrat una festa en la qu\u00e8 familiars i professionals han pogut compartir records i viv\u00e8ncies d\u2019aquest llarg viatge. Entre d\u2019altres activitats, grans i petits han pogut gaudir d\u2019una exposici\u00f3 de fotografies i d\u2019una animaci\u00f3 a c\u00e0rrec de Jaume Barri.<\/p>\n<p>L&#8217;Espai Familiar <strong>El Petit Drac<\/strong> \u00e9s un espai d&#8217;acompanyament a la crian\u00e7a per a fam\u00edlies amb infants dels 0 als 3 anys. En concret, s&#8217;ofereix una zona de joc adaptat als infants, amb racons molt diversos, on relacionar-se amb d&#8217;altres fam\u00edlies. Aquestes sessions s\u00f3n acompanyades i dinamitzades per dues professionals de la petita inf\u00e0ncia, que faciliten espais de dubtes, xerrades i assessorament per als adults, aix\u00ed com activitats i material perqu\u00e8 els infants puguin experimentar i descobrir.<\/p>\n<p>L&#8217;objectiu final del servei \u00e9s incidir en la millora de la qualitat de vida dels infants, oferint un espai de suport on enfortir el vincle de l&#8217;infant amb l&#8217;adult referent.<\/p>\n<h3><strong>Comprom\u00eds d&#8217;ABD amb la inf\u00e0ncia<\/strong><\/h3>\n<p>L\u2019\u00e0rea d\u2019Inf\u00e0ncia i Fam\u00edlia d\u2019<a href=\"https:\/\/abd.ong\/ca\/causes\/infancia-i-familia\/\">ABD desenvolupa projectes i serveis<\/a> per defensar els drets dels infants i assegurar-ne el seu benestar. A l\u2019<a href=\"https:\/\/abd.ong\">Associaci\u00f3 Benestar i Desenvolupament<\/a> ens comprometem amb la inf\u00e0ncia, amb el seu entorn i fam\u00edlia. Tamb\u00e9 potenciem la crian\u00e7a positiva, tot respectant les seves necessitats i desitjos, a la vegada que afavorim el seu desenvolupament en igualtat d\u2019oportunitats.<\/p>\n<p>L\u2019Espai Municipal <strong>El Petit Drac<\/strong> est\u00e0 situat a Via Augusta 327 de Barcelona, cantonada amb Passeig Bonanova. Per a m\u00e9s informaci\u00f3, podeu consultar al tel\u00e8fon 93 205 30 02 o enviar un correu electr\u00f2nic a petitdrac@abd-ong.org<\/p>\n","protected":false},"excerpt":{"rendered":"<p>L\u2019espai municipal d\u2019inf\u00e0ncia El Petit Drac, que gestiona ABD Associaci\u00f3 Benestar i Desenvolupament, compleix enguany el 15\u00e8 aniversari de la seva obertura com a servei d&#8217;acompanyament a la crian\u00e7a al&hellip;<\/p>\n","protected":false},"author":1,"featured_media":550,"comment_status":"closed","ping_status":"closed","sticky":false,"template":"","format":"standard","meta":{"_acf_changed":false,"footnotes":""},"categories":[1303],"tags":[119,148,124,149,147],"class_list":["post-10086","post","type-post","status-publish","format-standard","has-post-thumbnail","hentry","category-infancia-i-familia","tag-abd","tag-acompanyament-a-la-crianca","tag-associacio-benestar-desenvolupament","tag-infancia","tag-petit-drac","ods-reduccio-de-les-desigualtats","ods-salut-i-benestar","right-dret-a-la-seguretat-vital","right-drets-de-la-infancia","right-drets-de-les-dones"],"acf":[],"yoast_head":"<!-- This site is optimized with the Yoast SEO plugin v27.4 - https:\/\/yoast.com\/product\/yoast-seo-wordpress\/ -->\n<title>El Petit Drac celebra els 15 anys d\u2019acompanyament a la crian\u00e7a - ABD<\/title>\n<meta name=\"description\" content=\"L\u2019espai municipal d\u2019inf\u00e0ncia El Petit Drac, que gestiona ABD Associaci\u00f3 Benestar i Desenvolupament, compleix enguany el 15\u00e8 aniversari de la seva obertura\" \/>\n<meta name=\"robots\" content=\"index, follow, max-snippet:-1, max-image-preview:large, max-video-preview:-1\" \/>\n<link rel=\"canonical\" href=\"https:\/\/abd.ong\/ca\/infancia-i-familia\/el-petit-drac-celebra-els-15-anys-dacompanyament-a-la-crianca\/\" \/>\n<meta property=\"og:locale\" content=\"ca_ES\" \/>\n<meta property=\"og:type\" content=\"article\" \/>\n<meta property=\"og:title\" content=\"El Petit Drac celebra els 15 anys d\u2019acompanyament a la crian\u00e7a - ABD\" \/>\n<meta property=\"og:description\" content=\"L\u2019espai municipal d\u2019inf\u00e0ncia El Petit Drac, que gestiona ABD Associaci\u00f3 Benestar i Desenvolupament, compleix enguany el 15\u00e8 aniversari de la seva obertura\" \/>\n<meta property=\"og:url\" content=\"https:\/\/abd.ong\/ca\/infancia-i-familia\/el-petit-drac-celebra-els-15-anys-dacompanyament-a-la-crianca\/\" \/>\n<meta property=\"og:site_name\" content=\"ABD\" \/>\n<meta property=\"article:publisher\" content=\"https:\/\/www.facebook.com\/abd.ong\" \/>\n<meta property=\"article:published_time\" content=\"2018-06-19T22:00:00+00:00\" \/>\n<meta property=\"article:modified_time\" content=\"2021-02-17T17:54:51+00:00\" \/>\n<meta property=\"og:image\" content=\"https:\/\/abd.ong\/wp-content\/uploads\/1970\/01\/Foto-El-Petit-Drac-reduida-e1529510540780.jpg\" \/>\n\t<meta property=\"og:image:width\" content=\"800\" \/>\n\t<meta property=\"og:image:height\" content=\"397\" \/>\n\t<meta property=\"og:image:type\" content=\"image\/jpeg\" \/>\n<meta name=\"author\" content=\"M_Disseny\" \/>\n<meta name=\"twitter:card\" content=\"summary_large_image\" \/>\n<meta name=\"twitter:creator\" content=\"@abd_ong\" \/>\n<meta name=\"twitter:site\" content=\"@abd_ong\" \/>\n<meta name=\"twitter:label1\" content=\"Escrit per\" \/>\n\t<meta name=\"twitter:data1\" content=\"M_Disseny\" \/>\n\t<meta name=\"twitter:label2\" content=\"Temps estimat de lectura\" \/>\n\t<meta name=\"twitter:data2\" content=\"2 minuts\" \/>\n<script type=\"application\/ld+json\" class=\"yoast-schema-graph\">{\"@context\":\"https:\\\/\\\/schema.org\",\"@graph\":[{\"@type\":\"Article\",\"@id\":\"https:\\\/\\\/abd.ong\\\/ca\\\/infancia-i-familia\\\/el-petit-drac-celebra-els-15-anys-dacompanyament-a-la-crianca\\\/#article\",\"isPartOf\":{\"@id\":\"https:\\\/\\\/abd.ong\\\/ca\\\/infancia-i-familia\\\/el-petit-drac-celebra-els-15-anys-dacompanyament-a-la-crianca\\\/\"},\"author\":{\"name\":\"M_Disseny\",\"@id\":\"https:\\\/\\\/abd.ong\\\/ca\\\/#\\\/schema\\\/person\\\/1b9cf116597cda3a4b8900a43c641f6e\"},\"headline\":\"El Petit Drac celebra els 15 anys d\u2019acompanyament a la crian\u00e7a\",\"datePublished\":\"2018-06-19T22:00:00+00:00\",\"dateModified\":\"2021-02-17T17:54:51+00:00\",\"mainEntityOfPage\":{\"@id\":\"https:\\\/\\\/abd.ong\\\/ca\\\/infancia-i-familia\\\/el-petit-drac-celebra-els-15-anys-dacompanyament-a-la-crianca\\\/\"},\"wordCount\":334,\"publisher\":{\"@id\":\"https:\\\/\\\/abd.ong\\\/ca\\\/#organization\"},\"image\":{\"@id\":\"https:\\\/\\\/abd.ong\\\/ca\\\/infancia-i-familia\\\/el-petit-drac-celebra-els-15-anys-dacompanyament-a-la-crianca\\\/#primaryimage\"},\"thumbnailUrl\":\"https:\\\/\\\/abd.ong\\\/wp-content\\\/uploads\\\/1970\\\/01\\\/Foto-El-Petit-Drac-reduida-e1529510540780.jpg\",\"keywords\":[\"ABD\",\"acompanyament a la crian\u00e7a\",\"Associaci\u00f3 Benestar Desenvolupament\",\"inf\u00e0ncia\",\"Petit Drac\"],\"articleSection\":[\"Inf\u00e0ncia i fam\u00edlia\"],\"inLanguage\":\"ca\"},{\"@type\":\"WebPage\",\"@id\":\"https:\\\/\\\/abd.ong\\\/ca\\\/infancia-i-familia\\\/el-petit-drac-celebra-els-15-anys-dacompanyament-a-la-crianca\\\/\",\"url\":\"https:\\\/\\\/abd.ong\\\/ca\\\/infancia-i-familia\\\/el-petit-drac-celebra-els-15-anys-dacompanyament-a-la-crianca\\\/\",\"name\":\"El Petit Drac celebra els 15 anys d\u2019acompanyament a la crian\u00e7a - ABD\",\"isPartOf\":{\"@id\":\"https:\\\/\\\/abd.ong\\\/ca\\\/#website\"},\"primaryImageOfPage\":{\"@id\":\"https:\\\/\\\/abd.ong\\\/ca\\\/infancia-i-familia\\\/el-petit-drac-celebra-els-15-anys-dacompanyament-a-la-crianca\\\/#primaryimage\"},\"image\":{\"@id\":\"https:\\\/\\\/abd.ong\\\/ca\\\/infancia-i-familia\\\/el-petit-drac-celebra-els-15-anys-dacompanyament-a-la-crianca\\\/#primaryimage\"},\"thumbnailUrl\":\"https:\\\/\\\/abd.ong\\\/wp-content\\\/uploads\\\/1970\\\/01\\\/Foto-El-Petit-Drac-reduida-e1529510540780.jpg\",\"datePublished\":\"2018-06-19T22:00:00+00:00\",\"dateModified\":\"2021-02-17T17:54:51+00:00\",\"description\":\"L\u2019espai municipal d\u2019inf\u00e0ncia El Petit Drac, que gestiona ABD Associaci\u00f3 Benestar i Desenvolupament, compleix enguany el 15\u00e8 aniversari de la seva obertura\",\"breadcrumb\":{\"@id\":\"https:\\\/\\\/abd.ong\\\/ca\\\/infancia-i-familia\\\/el-petit-drac-celebra-els-15-anys-dacompanyament-a-la-crianca\\\/#breadcrumb\"},\"inLanguage\":\"ca\",\"potentialAction\":[{\"@type\":\"ReadAction\",\"target\":[\"https:\\\/\\\/abd.ong\\\/ca\\\/infancia-i-familia\\\/el-petit-drac-celebra-els-15-anys-dacompanyament-a-la-crianca\\\/\"]}]},{\"@type\":\"ImageObject\",\"inLanguage\":\"ca\",\"@id\":\"https:\\\/\\\/abd.ong\\\/ca\\\/infancia-i-familia\\\/el-petit-drac-celebra-els-15-anys-dacompanyament-a-la-crianca\\\/#primaryimage\",\"url\":\"https:\\\/\\\/abd.ong\\\/wp-content\\\/uploads\\\/1970\\\/01\\\/Foto-El-Petit-Drac-reduida-e1529510540780.jpg\",\"contentUrl\":\"https:\\\/\\\/abd.ong\\\/wp-content\\\/uploads\\\/1970\\\/01\\\/Foto-El-Petit-Drac-reduida-e1529510540780.jpg\",\"width\":800,\"height\":397},{\"@type\":\"BreadcrumbList\",\"@id\":\"https:\\\/\\\/abd.ong\\\/ca\\\/infancia-i-familia\\\/el-petit-drac-celebra-els-15-anys-dacompanyament-a-la-crianca\\\/#breadcrumb\",\"itemListElement\":[{\"@type\":\"ListItem\",\"position\":1,\"name\":\"Inici\",\"item\":\"https:\\\/\\\/abd.ong\\\/ca\\\/\"},{\"@type\":\"ListItem\",\"position\":2,\"name\":\"El Petit Drac celebra els 15 anys d\u2019acompanyament a la crian\u00e7a\"}]},{\"@type\":\"WebSite\",\"@id\":\"https:\\\/\\\/abd.ong\\\/ca\\\/#website\",\"url\":\"https:\\\/\\\/abd.ong\\\/ca\\\/\",\"name\":\"ABD\",\"description\":\"Asociaci\u00f3n Bienestar y Desarrollo\",\"publisher\":{\"@id\":\"https:\\\/\\\/abd.ong\\\/ca\\\/#organization\"},\"potentialAction\":[{\"@type\":\"SearchAction\",\"target\":{\"@type\":\"EntryPoint\",\"urlTemplate\":\"https:\\\/\\\/abd.ong\\\/ca\\\/?s={search_term_string}\"},\"query-input\":{\"@type\":\"PropertyValueSpecification\",\"valueRequired\":true,\"valueName\":\"search_term_string\"}}],\"inLanguage\":\"ca\"},{\"@type\":\"Organization\",\"@id\":\"https:\\\/\\\/abd.ong\\\/ca\\\/#organization\",\"name\":\"Associaci\u00f3 Benestar i Desenvolupament\",\"alternateName\":\"ABD\",\"url\":\"https:\\\/\\\/abd.ong\\\/ca\\\/\",\"logo\":{\"@type\":\"ImageObject\",\"inLanguage\":\"ca\",\"@id\":\"https:\\\/\\\/abd.ong\\\/ca\\\/#\\\/schema\\\/logo\\\/image\\\/\",\"url\":\"https:\\\/\\\/abd.ong\\\/wp-content\\\/uploads\\\/2023\\\/01\\\/Icona.png\",\"contentUrl\":\"https:\\\/\\\/abd.ong\\\/wp-content\\\/uploads\\\/2023\\\/01\\\/Icona.png\",\"width\":190,\"height\":187,\"caption\":\"Associaci\u00f3 Benestar i Desenvolupament\"},\"image\":{\"@id\":\"https:\\\/\\\/abd.ong\\\/ca\\\/#\\\/schema\\\/logo\\\/image\\\/\"},\"sameAs\":[\"https:\\\/\\\/www.facebook.com\\\/abd.ong\",\"https:\\\/\\\/x.com\\\/abd_ong\",\"https:\\\/\\\/www.instagram.com\\\/abd_ong\\\/\",\"https:\\\/\\\/www.linkedin.com\\\/company\\\/abdong\",\"https:\\\/\\\/www.youtube.com\\\/user\\\/CANALABD\"]},{\"@type\":\"Person\",\"@id\":\"https:\\\/\\\/abd.ong\\\/ca\\\/#\\\/schema\\\/person\\\/1b9cf116597cda3a4b8900a43c641f6e\",\"name\":\"M_Disseny\"}]}<\/script>\n<!-- \/ Yoast SEO plugin. -->","yoast_head_json":{"title":"El Petit Drac celebra els 15 anys d\u2019acompanyament a la crian\u00e7a - ABD","description":"L\u2019espai municipal d\u2019inf\u00e0ncia El Petit Drac, que gestiona ABD Associaci\u00f3 Benestar i Desenvolupament, compleix enguany el 15\u00e8 aniversari de la seva obertura","robots":{"index":"index","follow":"follow","max-snippet":"max-snippet:-1","max-image-preview":"max-image-preview:large","max-video-preview":"max-video-preview:-1"},"canonical":"https:\/\/abd.ong\/ca\/infancia-i-familia\/el-petit-drac-celebra-els-15-anys-dacompanyament-a-la-crianca\/","og_locale":"ca_ES","og_type":"article","og_title":"El Petit Drac celebra els 15 anys d\u2019acompanyament a la crian\u00e7a - ABD","og_description":"L\u2019espai municipal d\u2019inf\u00e0ncia El Petit Drac, que gestiona ABD Associaci\u00f3 Benestar i Desenvolupament, compleix enguany el 15\u00e8 aniversari de la seva obertura","og_url":"https:\/\/abd.ong\/ca\/infancia-i-familia\/el-petit-drac-celebra-els-15-anys-dacompanyament-a-la-crianca\/","og_site_name":"ABD","article_publisher":"https:\/\/www.facebook.com\/abd.ong","article_published_time":"2018-06-19T22:00:00+00:00","article_modified_time":"2021-02-17T17:54:51+00:00","og_image":[{"width":800,"height":397,"url":"https:\/\/abd.ong\/wp-content\/uploads\/1970\/01\/Foto-El-Petit-Drac-reduida-e1529510540780.jpg","type":"image\/jpeg"}],"author":"M_Disseny","twitter_card":"summary_large_image","twitter_creator":"@abd_ong","twitter_site":"@abd_ong","twitter_misc":{"Escrit per":"M_Disseny","Temps estimat de lectura":"2 minuts"},"schema":{"@context":"https:\/\/schema.org","@graph":[{"@type":"Article","@id":"https:\/\/abd.ong\/ca\/infancia-i-familia\/el-petit-drac-celebra-els-15-anys-dacompanyament-a-la-crianca\/#article","isPartOf":{"@id":"https:\/\/abd.ong\/ca\/infancia-i-familia\/el-petit-drac-celebra-els-15-anys-dacompanyament-a-la-crianca\/"},"author":{"name":"M_Disseny","@id":"https:\/\/abd.ong\/ca\/#\/schema\/person\/1b9cf116597cda3a4b8900a43c641f6e"},"headline":"El Petit Drac celebra els 15 anys d\u2019acompanyament a la crian\u00e7a","datePublished":"2018-06-19T22:00:00+00:00","dateModified":"2021-02-17T17:54:51+00:00","mainEntityOfPage":{"@id":"https:\/\/abd.ong\/ca\/infancia-i-familia\/el-petit-drac-celebra-els-15-anys-dacompanyament-a-la-crianca\/"},"wordCount":334,"publisher":{"@id":"https:\/\/abd.ong\/ca\/#organization"},"image":{"@id":"https:\/\/abd.ong\/ca\/infancia-i-familia\/el-petit-drac-celebra-els-15-anys-dacompanyament-a-la-crianca\/#primaryimage"},"thumbnailUrl":"https:\/\/abd.ong\/wp-content\/uploads\/1970\/01\/Foto-El-Petit-Drac-reduida-e1529510540780.jpg","keywords":["ABD","acompanyament a la crian\u00e7a","Associaci\u00f3 Benestar Desenvolupament","inf\u00e0ncia","Petit Drac"],"articleSection":["Inf\u00e0ncia i fam\u00edlia"],"inLanguage":"ca"},{"@type":"WebPage","@id":"https:\/\/abd.ong\/ca\/infancia-i-familia\/el-petit-drac-celebra-els-15-anys-dacompanyament-a-la-crianca\/","url":"https:\/\/abd.ong\/ca\/infancia-i-familia\/el-petit-drac-celebra-els-15-anys-dacompanyament-a-la-crianca\/","name":"El Petit Drac celebra els 15 anys d\u2019acompanyament a la crian\u00e7a - ABD","isPartOf":{"@id":"https:\/\/abd.ong\/ca\/#website"},"primaryImageOfPage":{"@id":"https:\/\/abd.ong\/ca\/infancia-i-familia\/el-petit-drac-celebra-els-15-anys-dacompanyament-a-la-crianca\/#primaryimage"},"image":{"@id":"https:\/\/abd.ong\/ca\/infancia-i-familia\/el-petit-drac-celebra-els-15-anys-dacompanyament-a-la-crianca\/#primaryimage"},"thumbnailUrl":"https:\/\/abd.ong\/wp-content\/uploads\/1970\/01\/Foto-El-Petit-Drac-reduida-e1529510540780.jpg","datePublished":"2018-06-19T22:00:00+00:00","dateModified":"2021-02-17T17:54:51+00:00","description":"L\u2019espai municipal d\u2019inf\u00e0ncia El Petit Drac, que gestiona ABD Associaci\u00f3 Benestar i Desenvolupament, compleix enguany el 15\u00e8 aniversari de la seva obertura","breadcrumb":{"@id":"https:\/\/abd.ong\/ca\/infancia-i-familia\/el-petit-drac-celebra-els-15-anys-dacompanyament-a-la-crianca\/#breadcrumb"},"inLanguage":"ca","potentialAction":[{"@type":"ReadAction","target":["https:\/\/abd.ong\/ca\/infancia-i-familia\/el-petit-drac-celebra-els-15-anys-dacompanyament-a-la-crianca\/"]}]},{"@type":"ImageObject","inLanguage":"ca","@id":"https:\/\/abd.ong\/ca\/infancia-i-familia\/el-petit-drac-celebra-els-15-anys-dacompanyament-a-la-crianca\/#primaryimage","url":"https:\/\/abd.ong\/wp-content\/uploads\/1970\/01\/Foto-El-Petit-Drac-reduida-e1529510540780.jpg","contentUrl":"https:\/\/abd.ong\/wp-content\/uploads\/1970\/01\/Foto-El-Petit-Drac-reduida-e1529510540780.jpg","width":800,"height":397},{"@type":"BreadcrumbList","@id":"https:\/\/abd.ong\/ca\/infancia-i-familia\/el-petit-drac-celebra-els-15-anys-dacompanyament-a-la-crianca\/#breadcrumb","itemListElement":[{"@type":"ListItem","position":1,"name":"Inici","item":"https:\/\/abd.ong\/ca\/"},{"@type":"ListItem","position":2,"name":"El Petit Drac celebra els 15 anys d\u2019acompanyament a la crian\u00e7a"}]},{"@type":"WebSite","@id":"https:\/\/abd.ong\/ca\/#website","url":"https:\/\/abd.ong\/ca\/","name":"ABD","description":"Asociaci\u00f3n Bienestar y Desarrollo","publisher":{"@id":"https:\/\/abd.ong\/ca\/#organization"},"potentialAction":[{"@type":"SearchAction","target":{"@type":"EntryPoint","urlTemplate":"https:\/\/abd.ong\/ca\/?s={search_term_string}"},"query-input":{"@type":"PropertyValueSpecification","valueRequired":true,"valueName":"search_term_string"}}],"inLanguage":"ca"},{"@type":"Organization","@id":"https:\/\/abd.ong\/ca\/#organization","name":"Associaci\u00f3 Benestar i Desenvolupament","alternateName":"ABD","url":"https:\/\/abd.ong\/ca\/","logo":{"@type":"ImageObject","inLanguage":"ca","@id":"https:\/\/abd.ong\/ca\/#\/schema\/logo\/image\/","url":"https:\/\/abd.ong\/wp-content\/uploads\/2023\/01\/Icona.png","contentUrl":"https:\/\/abd.ong\/wp-content\/uploads\/2023\/01\/Icona.png","width":190,"height":187,"caption":"Associaci\u00f3 Benestar i Desenvolupament"},"image":{"@id":"https:\/\/abd.ong\/ca\/#\/schema\/logo\/image\/"},"sameAs":["https:\/\/www.facebook.com\/abd.ong","https:\/\/x.com\/abd_ong","https:\/\/www.instagram.com\/abd_ong\/","https:\/\/www.linkedin.com\/company\/abdong","https:\/\/www.youtube.com\/user\/CANALABD"]},{"@type":"Person","@id":"https:\/\/abd.ong\/ca\/#\/schema\/person\/1b9cf116597cda3a4b8900a43c641f6e","name":"M_Disseny"}]}},"_links":{"self":[{"href":"https:\/\/abd.ong\/ca\/wp-json\/wp\/v2\/posts\/10086","targetHints":{"allow":["GET"]}}],"collection":[{"href":"https:\/\/abd.ong\/ca\/wp-json\/wp\/v2\/posts"}],"about":[{"href":"https:\/\/abd.ong\/ca\/wp-json\/wp\/v2\/types\/post"}],"author":[{"embeddable":true,"href":"https:\/\/abd.ong\/ca\/wp-json\/wp\/v2\/users\/1"}],"replies":[{"embeddable":true,"href":"https:\/\/abd.ong\/ca\/wp-json\/wp\/v2\/comments?post=10086"}],"version-history":[{"count":3,"href":"https:\/\/abd.ong\/ca\/wp-json\/wp\/v2\/posts\/10086\/revisions"}],"predecessor-version":[{"id":20294,"href":"https:\/\/abd.ong\/ca\/wp-json\/wp\/v2\/posts\/10086\/revisions\/20294"}],"wp:featuredmedia":[{"embeddable":true,"href":"https:\/\/abd.ong\/ca\/wp-json\/wp\/v2\/media\/550"}],"wp:attachment":[{"href":"https:\/\/abd.ong\/ca\/wp-json\/wp\/v2\/media?parent=10086"}],"wp:term":[{"taxonomy":"category","embeddable":true,"href":"https:\/\/abd.ong\/ca\/wp-json\/wp\/v2\/categories?post=10086"},{"taxonomy":"post_tag","embeddable":true,"href":"https:\/\/abd.ong\/ca\/wp-json\/wp\/v2\/tags?post=10086"}],"curies":[{"name":"wp","href":"https:\/\/api.w.org\/{rel}","templated":true}]}}